{"id":2720,"date":"2025-04-08T21:02:30","date_gmt":"2025-04-08T21:02:30","guid":{"rendered":"http:\/\/147.182.243.37\/?p=2720"},"modified":"2025-04-08T21:02:30","modified_gmt":"2025-04-08T21:02:30","slug":"airbus-a380-trans-atlantic-travel","status":"publish","type":"post","link":"https:\/\/istanbul-ist-international-airport.com\/cs\/blog\/airbus-a380-trans-atlantic-travel\/","title":{"rendered":"Dopad Airbusu A380 na transatlantickou dopravu"},"content":{"rendered":"<p>Ned\u00e1vn\u00e9 zpr\u00e1vy zd\u016fraz\u0148uj\u00ed, jak by Airbus A380 mohl zp\u016fsobit revoluci v cestov\u00e1n\u00ed p\u0159es Atlantik. Spole\u010dnost Global Airlines, kter\u00e1 se zav\u00e1zala ke zlep\u0161en\u00ed z\u00e1\u017eitku cestuj\u00edc\u00edch, pl\u00e1nuje pou\u017e\u00edt toto ob\u0159\u00ed letadlo k p\u0159eklenut\u00ed mezer v leteck\u00e9 doprav\u011b.<\/p>\n<h2 itemprop=\"alternateName\">Usilujeme o bezkonkuren\u010dn\u00ed z\u00e1\u017eitek z cestov\u00e1n\u00ed<\/h2>\n<p>Glob\u00e1ln\u00ed aerolinie si klade za c\u00edl nov\u011b definovat koncept leteck\u00e9 dopravy vyu\u017eit\u00edm dvou letoun\u016f Airbus A380 ve sv\u00e9 flotile. Tato leteck\u00e1 spole\u010dnost vytvo\u0159ila vizi zam\u011b\u0159enou na odstran\u011bn\u00ed nep\u0159\u00edjemnost\u00ed, kter\u00fdm se cestuj\u00edc\u00ed v leteck\u00e9 doprav\u011b \u010dasto pot\u00fdkaj\u00ed, jako jsou dlouh\u00e9 fronty u bezpe\u010dnostn\u00ed kontroly, zpo\u017ed\u011bn\u00ed let\u016f a ztracen\u00e1 zavazadla. M\u00edsto toho slibuj\u00ed zjednodu\u0161en\u00e9 cesty, kter\u00e9 up\u0159ednost\u0148uj\u00ed pohodl\u00ed a spokojenost.<\/p>\n<p>Prvn\u00ed let t\u00e9to leteck\u00e9 spole\u010dnosti je napl\u00e1nov\u00e1n na 15. kv\u011btna 2025, a\u010dkoli jej do\u010dasn\u011b bude provozovat portugalsk\u00e1 leteck\u00e1 spole\u010dnost Hi Fly a prodej letenek bude \u0159\u00eddit TravelOpedia LTD. Pro cestovatele, kte\u0159\u00ed tou\u017e\u00ed vyzkou\u0161et tuto novou slu\u017ebu, za\u010d\u00ednaj\u00ed zp\u00e1te\u010dn\u00ed letenky na p\u0159ibli\u017en\u011b $902 za ekonomickou t\u0159\u00eddu. V nab\u00eddce jsou tak\u00e9 vylep\u0161en\u00e9 mo\u017enosti ubytov\u00e1n\u00ed v business a prvn\u00ed t\u0159\u00edd\u011b, kter\u00e9 roz\u0161i\u0159uj\u00ed mo\u017enosti z\u00e1kazn\u00edk\u016f.<\/p>\n<h3 itemprop=\"alternateName\">Promy\u0161len\u00fd p\u0159\u00edstup k z\u00e1\u017eitku z letu<\/h3>\n<p>Cestuj\u00edc\u00ed se mohou t\u011b\u0161it na p\u016fsobiv\u00e9 p\u0159epracov\u00e1n\u00ed interi\u00e9r\u016f kabin, nebo\u0165 spole\u010dnost Global Airlines ozn\u00e1mila, \u017ee v\u0161echny kabiny projdou rekonstrukc\u00ed, aby z\u00edskaly modern\u00ed vzhled a dojem. Sou\u010d\u00e1st\u00ed t\u00e9to transformace je nov\u00e9 menu vytvo\u0159en\u00e9 specializovan\u00fdm cateringov\u00fdm t\u00fdmem a tak\u00e9 exkluzivn\u00ed sady vybaven\u00ed dostupn\u00e9 ve v\u0161ech t\u0159\u00edd\u00e1ch. Tento promy\u0161len\u00fd p\u0159\u00edstup k pohodl\u00ed b\u011bhem letu odli\u0161uje spole\u010dnost Global Airlines od st\u00e1vaj\u00edc\u00edch konkurent\u016f.<\/p>\n<h4>Vize a veden\u00ed, kter\u00e9 stoj\u00ed za glob\u00e1ln\u00edmi aeroliniemi<\/h4>\n<p>James Asquith, zakladatel a v\u00fdkonn\u00fd \u0159editel, vyj\u00e1d\u0159il sv\u00e9 nad\u0161en\u00ed z p\u0159edstaven\u00ed n\u011b\u010deho skute\u010dn\u011b jedine\u010dn\u00e9ho na leteck\u00fd trh. Zd\u016fraz\u0148uje, \u017ee toto \u00fasil\u00ed nen\u00ed jen o p\u0159id\u00e1n\u00ed dal\u0161\u00ed leteck\u00e9 spole\u010dnosti, ale o inovaci z\u00e1\u017eitku cestuj\u00edc\u00edch. Asquith uv\u00e1d\u00ed: \u201cNikdo to dosud neud\u011blal\u2026 vedeme s produktem, kter\u00fd zlep\u0161uje z\u00e1\u017eitek z leteck\u00e9 dopravy.\u201d<\/p>\n<h2 itemprop=\"alternateName\">Co \u010dek\u00e1 glob\u00e1ln\u00ed aerolinky?<\/h2>\n<p>Do budoucna, a\u010dkoli konkr\u00e9tn\u00ed dal\u0161\u00ed lety nebyly krom\u011b t\u00e9to inaugura\u010dn\u00ed linky je\u0161t\u011b napl\u00e1nov\u00e1ny, panuje velk\u00fd optimismus, \u017ee nov\u00e1 leteck\u00e1 spole\u010dnost dok\u00e1\u017ee nab\u00eddnout lep\u0161\u00ed slu\u017eby ne\u017e zaveden\u00ed hr\u00e1\u010di jako British Airways. Asquith tvrd\u00ed: \u201cM\u00e1me spoustu lid\u00ed, kte\u0159\u00ed cht\u011bj\u00ed l\u00e9tat s t\u00edm, co d\u011bl\u00e1me v Global,\u201d a zd\u016fraz\u0148uje nad\u0161en\u00ed, kter\u00e9 by mohlo poh\u00e1n\u011bt popt\u00e1vku po tomto nov\u00e9m p\u0159\u00edstupu k leteck\u00e9 doprav\u011b.<\/p>\n<p>Potenci\u00e1ln\u00ed dopad zaveden\u00ed letounu Airbus A380 na transatlantick\u00e9 trasy by mohl b\u00fdt zna\u010dn\u00fd, nejen\u017ee by se zv\u00fd\u0161ilo pohodl\u00ed cestuj\u00edc\u00edch, ale tak\u00e9 by se posunulo vn\u00edm\u00e1n\u00ed leteck\u00e9 dopravy sm\u011brem k luxusu a lehkosti.<\/p>\n<h2 itemprop=\"alternateName\">D\u016fle\u017eitost p\u0159\u00edstupnosti<\/h2>\n<p>S t\u00edm, jak m\u011bsta a zem\u011b pokra\u010duj\u00ed v rozvoji sv\u00e9 dopravn\u00ed infrastruktury, z\u016fst\u00e1v\u00e1 p\u0159\u00edstupnost prvo\u0159ad\u00e1. Pro cestovatele p\u0159ij\u00ed\u017ed\u011bj\u00edc\u00ed z mezin\u00e1rodn\u00edch destinac\u00ed se plynul\u00e9 napojen\u00ed na pozemn\u00ed dopravu st\u00e1v\u00e1 kl\u00ed\u010dov\u00fdm. Zde vstupuj\u00ed do hry platformy jako GetTransfer.com \u2013 kter\u00e9 u\u017eivatel\u016fm snadno umo\u017e\u0148uj\u00ed rezervovat si taxi nebo transfery.<\/p>\n<h3 itemprop=\"alternateName\">Rostouc\u00ed popt\u00e1vka po efektivn\u00edch p\u0159evodech<\/h3>\n<ul>\n<li><strong>\u0160irok\u00e1 \u0161k\u00e1la mo\u017enost\u00ed:<\/strong> GetTransfer.com umo\u017e\u0148uje u\u017eivatel\u016fm vyb\u00edrat z \u0161irok\u00e9 nab\u00eddky vozidel \u0161it\u00fdch na m\u00edru specifick\u00fdm pot\u0159eb\u00e1m \u2013 a\u0165 u\u017e se jedn\u00e1 o rychl\u00e9 taxi nebo luxusn\u00ed limuz\u00ednu pro zvl\u00e1\u0161tn\u00ed p\u0159\u00edle\u017eitost.<\/li>\n<li><strong>Transparent Pricing:<\/strong> Z\u00e1kazn\u00edci maj\u00ed p\u0159edem p\u0159\u00edstup k podrobn\u00fdm informac\u00edm o modelech vozidel a hodnocen\u00ed spole\u010dnosti, co\u017e zaji\u0161\u0165uje informovan\u00e1 rozhodnut\u00ed a konkuren\u010dn\u00ed ceny.<\/li>\n<li><strong>Snadn\u00e1 rezervace:<\/strong> Platforma poskytuje p\u0159\u00edmo\u010dar\u00e1 \u0159e\u0161en\u00ed pro rezervace a zbavuje cestovatele stresu a zmatk\u016f b\u011bhem ru\u0161n\u00fdch cestovn\u00edch obdob\u00ed.<\/li>\n<\/ul>\n<p>Vzhledem k tomu, jak se glob\u00e1ln\u00ed leteck\u00e1 doprava vyv\u00edj\u00ed, slu\u017eby zaji\u0161\u0165uj\u00edc\u00ed plynul\u00fd p\u0159echod od p\u0159\u00edletu do c\u00edlov\u00e9 destinace nab\u00fdvaj\u00ed na v\u00fdznamu. Zdokonalen\u00e9 cestov\u00e1n\u00ed nezahrnuje pouze modern\u00ed letadla, ale tak\u00e9 efektivn\u00ed pozemn\u00ed dopravu, kter\u00e1 cestu dopl\u0148uje.<\/p>\n<h3 itemprop=\"alternateName\">Final Thoughts<\/h3>\n<p>Z\u00e1v\u011brem lze \u0159\u00edci, \u017ee zaveden\u00ed Airbusu A380 je slibn\u00fdm v\u00fdvojem pro transatlantickou leteckou dopravu. Potenci\u00e1l pro zlep\u0161en\u00ed slu\u017eeb, inovativn\u00ed z\u00e1\u017eitky b\u011bhem letu a zm\u00edrn\u011bn\u00ed cestovn\u00edho stresu nazna\u010duj\u00ed, \u017ee by to mohlo vydl\u00e1\u017edit cestu pro novou \u00e9ru. P\u0159esto\u017ee jsou vyslovov\u00e1ny vzletn\u00e9 p\u0159edpov\u011bdi o tom, jak by to mohlo p\u0159etvo\u0159it odv\u011btv\u00ed, z\u016fst\u00e1v\u00e1 z\u0159ejm\u00e9, \u017ee osobn\u00ed zku\u0161enosti ur\u010d\u00ed \u00fasp\u011bch spole\u010dnosti Global Airlines.<\/p>\n<p>Ani ty nej\u00fa\u017easn\u011bj\u0161\u00ed pl\u00e1ny a touhy nemohou pln\u011b vyj\u00e1d\u0159it nad\u0161en\u00ed z l\u00e9t\u00e1n\u00ed. Proto vyu\u017eit\u00ed slu\u017eeb, jako je GetTransfer.com, umo\u017e\u0148uje cestovatel\u016fm vybrat si auto s \u0159idi\u010dem od ov\u011b\u0159en\u00fdch poskytovatel\u016f za rozumn\u00e9 ceny, co\u017e zaji\u0161\u0165uje informovan\u00e1 rozhodnut\u00ed, ani\u017e by zruinovali bank. Tato snadn\u00e1 a cenov\u011b dostupn\u00e1 mo\u017enost podporuje bezprobl\u00e9mov\u00e9 cestov\u00e1n\u00ed, kde vl\u00e1dne pohodl\u00ed a komfort. Za\u010dn\u011bte pl\u00e1novat sv\u00e9 p\u0159\u00ed\u0161t\u00ed dobrodru\u017estv\u00ed a zajist\u011bte si sv\u016fj celosv\u011btov\u00fd transfer s GetTransfer. <a target=\"\">GetTransfer.com<\/a><\/p>","protected":false},"excerpt":{"rendered":"<p>Discover how the Airbus A380 is reshaping trans-Atlantic travel and what it means for future journeys with GetTransfer.com.<\/p>","protected":false},"author":2,"featured_media":2721,"comment_status":"open","ping_status":"open","sticky":false,"template":"","format":"standard","meta":{"_acf_changed":false,"fifu_image_url":"","fifu_image_alt":"","footnotes":""},"categories":[8],"tags":[],"class_list":["post-2720","post","type-post","status-publish","format-standard","has-post-thumbnail","hentry","category-trends-in-travel-mobility"],"acf":[],"yoast_head":"<!-- This site is optimized with the Yoast SEO plugin v27.5 - https:\/\/yoast.com\/product\/yoast-seo-wordpress\/ -->\n<title>Airbus A380&#039;s Impact on Trans-Atlantic Travel - Istanbul International Airport (IST) - Turkey&#039;s new airport<\/title>\n<meta name=\"description\" content=\"Discover how the Airbus A380 is reshaping trans-Atlantic travel and what it means for future journeys\" \/>\n<meta name=\"robots\" content=\"index, follow, max-snippet:-1, max-image-preview:large, max-video-preview:-1\" \/>\n<link rel=\"canonical\" href=\"https:\/\/istanbul-ist-international-airport.com\/cs\/blog\/airbus-a380-trans-atlantic-travel\/\" \/>\n<meta property=\"og:locale\" content=\"cs_CZ\" \/>\n<meta property=\"og:type\" content=\"article\" \/>\n<meta property=\"og:title\" content=\"Airbus A380&#039;s Impact on Trans-Atlantic Travel - Istanbul International Airport (IST) - Turkey&#039;s new airport\" \/>\n<meta property=\"og:description\" content=\"Discover how the Airbus A380 is reshaping trans-Atlantic travel and what it means for future journeys\" \/>\n<meta property=\"og:url\" content=\"https:\/\/istanbul-ist-international-airport.com\/cs\/blog\/airbus-a380-trans-atlantic-travel\/\" \/>\n<meta property=\"og:site_name\" content=\"Istanbul International Airport (IST) - Turkey&#039;s new airport\" \/>\n<meta property=\"article:published_time\" content=\"2025-04-08T21:02:30+00:00\" \/>\n<meta property=\"og:image\" content=\"https:\/\/istanbul-ist-international-airport.com\/wp-content\/uploads\/2025\/04\/airbus-a380s-impact-on-trans-atlantic-travel.jpeg\" \/>\n\t<meta property=\"og:image:width\" content=\"1280\" \/>\n\t<meta property=\"og:image:height\" content=\"960\" \/>\n\t<meta property=\"og:image:type\" content=\"image\/jpeg\" \/>\n<meta name=\"author\" content=\"anastasia_maisuradze\" \/>\n<meta name=\"twitter:card\" content=\"summary_large_image\" \/>\n<meta name=\"twitter:label1\" content=\"Napsal(a)\" \/>\n\t<meta name=\"twitter:data1\" content=\"anastasia_maisuradze\" \/>\n\t<meta name=\"twitter:label2\" content=\"Odhadovan\u00e1 doba \u010dten\u00ed\" \/>\n\t<meta name=\"twitter:data2\" content=\"4 minuty\" \/>\n<script type=\"application\/ld+json\" class=\"yoast-schema-graph\">{\"@context\":\"https:\\\/\\\/schema.org\",\"@graph\":[{\"@type\":\"Article\",\"@id\":\"https:\\\/\\\/istanbul-ist-international-airport.com\\\/cs\\\/blog\\\/airbus-a380-trans-atlantic-travel\\\/#article\",\"isPartOf\":{\"@id\":\"https:\\\/\\\/istanbul-ist-international-airport.com\\\/cs\\\/blog\\\/airbus-a380-trans-atlantic-travel\\\/\"},\"author\":{\"name\":\"anastasia_maisuradze\",\"@id\":\"https:\\\/\\\/istanbul-ist-international-airport.com\\\/cs\\\/#\\\/schema\\\/person\\\/71ece384d901a99eb7f9197b612d8a26\"},\"headline\":\"Airbus A380&#8217;s Impact on Trans-Atlantic Travel\",\"datePublished\":\"2025-04-08T21:02:30+00:00\",\"mainEntityOfPage\":{\"@id\":\"https:\\\/\\\/istanbul-ist-international-airport.com\\\/cs\\\/blog\\\/airbus-a380-trans-atlantic-travel\\\/\"},\"wordCount\":710,\"commentCount\":0,\"image\":{\"@id\":\"https:\\\/\\\/istanbul-ist-international-airport.com\\\/cs\\\/blog\\\/airbus-a380-trans-atlantic-travel\\\/#primaryimage\"},\"thumbnailUrl\":\"https:\\\/\\\/istanbul-ist-international-airport.com\\\/wp-content\\\/uploads\\\/2025\\\/04\\\/airbus-a380s-impact-on-trans-atlantic-travel.jpeg\",\"articleSection\":[\"Trends in Travel &amp; Mobility\"],\"inLanguage\":\"cs\",\"potentialAction\":[{\"@type\":\"CommentAction\",\"name\":\"Comment\",\"target\":[\"https:\\\/\\\/istanbul-ist-international-airport.com\\\/cs\\\/blog\\\/airbus-a380-trans-atlantic-travel\\\/#respond\"]}]},{\"@type\":\"WebPage\",\"@id\":\"https:\\\/\\\/istanbul-ist-international-airport.com\\\/cs\\\/blog\\\/airbus-a380-trans-atlantic-travel\\\/\",\"url\":\"https:\\\/\\\/istanbul-ist-international-airport.com\\\/cs\\\/blog\\\/airbus-a380-trans-atlantic-travel\\\/\",\"name\":\"Airbus A380's Impact on Trans-Atlantic Travel - Istanbul International Airport (IST) - Turkey&#039;s new airport\",\"isPartOf\":{\"@id\":\"https:\\\/\\\/istanbul-ist-international-airport.com\\\/cs\\\/#website\"},\"primaryImageOfPage\":{\"@id\":\"https:\\\/\\\/istanbul-ist-international-airport.com\\\/cs\\\/blog\\\/airbus-a380-trans-atlantic-travel\\\/#primaryimage\"},\"image\":{\"@id\":\"https:\\\/\\\/istanbul-ist-international-airport.com\\\/cs\\\/blog\\\/airbus-a380-trans-atlantic-travel\\\/#primaryimage\"},\"thumbnailUrl\":\"https:\\\/\\\/istanbul-ist-international-airport.com\\\/wp-content\\\/uploads\\\/2025\\\/04\\\/airbus-a380s-impact-on-trans-atlantic-travel.jpeg\",\"datePublished\":\"2025-04-08T21:02:30+00:00\",\"author\":{\"@id\":\"https:\\\/\\\/istanbul-ist-international-airport.com\\\/cs\\\/#\\\/schema\\\/person\\\/71ece384d901a99eb7f9197b612d8a26\"},\"description\":\"Discover how the Airbus A380 is reshaping trans-Atlantic travel and what it means for future journeys\",\"breadcrumb\":{\"@id\":\"https:\\\/\\\/istanbul-ist-international-airport.com\\\/cs\\\/blog\\\/airbus-a380-trans-atlantic-travel\\\/#breadcrumb\"},\"inLanguage\":\"cs\",\"potentialAction\":[{\"@type\":\"ReadAction\",\"target\":[\"https:\\\/\\\/istanbul-ist-international-airport.com\\\/cs\\\/blog\\\/airbus-a380-trans-atlantic-travel\\\/\"]}]},{\"@type\":\"ImageObject\",\"inLanguage\":\"cs\",\"@id\":\"https:\\\/\\\/istanbul-ist-international-airport.com\\\/cs\\\/blog\\\/airbus-a380-trans-atlantic-travel\\\/#primaryimage\",\"url\":\"https:\\\/\\\/istanbul-ist-international-airport.com\\\/wp-content\\\/uploads\\\/2025\\\/04\\\/airbus-a380s-impact-on-trans-atlantic-travel.jpeg\",\"contentUrl\":\"https:\\\/\\\/istanbul-ist-international-airport.com\\\/wp-content\\\/uploads\\\/2025\\\/04\\\/airbus-a380s-impact-on-trans-atlantic-travel.jpeg\",\"width\":1280,\"height\":960},{\"@type\":\"BreadcrumbList\",\"@id\":\"https:\\\/\\\/istanbul-ist-international-airport.com\\\/cs\\\/blog\\\/airbus-a380-trans-atlantic-travel\\\/#breadcrumb\",\"itemListElement\":[{\"@type\":\"ListItem\",\"position\":1,\"name\":\"Home\",\"item\":\"https:\\\/\\\/istanbul-ist-international-airport.com\\\/\"},{\"@type\":\"ListItem\",\"position\":2,\"name\":\"Travel Guide\",\"item\":\"https:\\\/\\\/istanbul-ist-international-airport.com\\\/cs\\\/blog\\\/\"},{\"@type\":\"ListItem\",\"position\":3,\"name\":\"Airbus A380&#8217;s Impact on Trans-Atlantic Travel\"}]},{\"@type\":\"WebSite\",\"@id\":\"https:\\\/\\\/istanbul-ist-international-airport.com\\\/cs\\\/#website\",\"url\":\"https:\\\/\\\/istanbul-ist-international-airport.com\\\/cs\\\/\",\"name\":\"Istanbul International Airport (IST) - Turkey&#039;s new airport\",\"description\":\"Navigating Istanbul International Airport: A Traveler\u2019s Guide.\",\"potentialAction\":[{\"@type\":\"SearchAction\",\"target\":{\"@type\":\"EntryPoint\",\"urlTemplate\":\"https:\\\/\\\/istanbul-ist-international-airport.com\\\/cs\\\/?s={search_term_string}\"},\"query-input\":{\"@type\":\"PropertyValueSpecification\",\"valueRequired\":true,\"valueName\":\"search_term_string\"}}],\"inLanguage\":\"cs\"},{\"@type\":\"Person\",\"@id\":\"https:\\\/\\\/istanbul-ist-international-airport.com\\\/cs\\\/#\\\/schema\\\/person\\\/71ece384d901a99eb7f9197b612d8a26\",\"name\":\"anastasia_maisuradze\",\"url\":\"https:\\\/\\\/istanbul-ist-international-airport.com\\\/cs\\\/author\\\/anastasia_maisuradze\\\/\"}]}<\/script>\n<!-- \/ Yoast SEO plugin. -->","yoast_head_json":{"title":"Dopad letounu Airbus A380 na transatlantick\u00e9 cestov\u00e1n\u00ed \u2013 Mezin\u00e1rodn\u00ed leti\u0161t\u011b Istanbul (IST) \u2013 Nov\u00e9 leti\u0161t\u011b Turecka","description":"Zjist\u011bte, jak Airbus A380 m\u011bn\u00ed transatlantick\u00e9 cestov\u00e1n\u00ed a co to znamen\u00e1 pro budouc\u00ed cesty","robots":{"index":"index","follow":"follow","max-snippet":"max-snippet:-1","max-image-preview":"max-image-preview:large","max-video-preview":"max-video-preview:-1"},"canonical":"https:\/\/istanbul-ist-international-airport.com\/cs\/blog\/airbus-a380-trans-atlantic-travel\/","og_locale":"cs_CZ","og_type":"article","og_title":"Airbus A380's Impact on Trans-Atlantic Travel - Istanbul International Airport (IST) - Turkey&#039;s new airport","og_description":"Discover how the Airbus A380 is reshaping trans-Atlantic travel and what it means for future journeys","og_url":"https:\/\/istanbul-ist-international-airport.com\/cs\/blog\/airbus-a380-trans-atlantic-travel\/","og_site_name":"Istanbul International Airport (IST) - Turkey&#039;s new airport","article_published_time":"2025-04-08T21:02:30+00:00","og_image":[{"width":1280,"height":960,"url":"https:\/\/istanbul-ist-international-airport.com\/wp-content\/uploads\/2025\/04\/airbus-a380s-impact-on-trans-atlantic-travel.jpeg","type":"image\/jpeg"}],"author":"anastasia_maisuradze","twitter_card":"summary_large_image","twitter_misc":{"Napsal(a)":"anastasia_maisuradze","Odhadovan\u00e1 doba \u010dten\u00ed":"4 minuty"},"schema":{"@context":"https:\/\/schema.org","@graph":[{"@type":"Article","@id":"https:\/\/istanbul-ist-international-airport.com\/cs\/blog\/airbus-a380-trans-atlantic-travel\/#article","isPartOf":{"@id":"https:\/\/istanbul-ist-international-airport.com\/cs\/blog\/airbus-a380-trans-atlantic-travel\/"},"author":{"name":"anastasia_maisuradze","@id":"https:\/\/istanbul-ist-international-airport.com\/cs\/#\/schema\/person\/71ece384d901a99eb7f9197b612d8a26"},"headline":"Airbus A380&#8217;s Impact on Trans-Atlantic Travel","datePublished":"2025-04-08T21:02:30+00:00","mainEntityOfPage":{"@id":"https:\/\/istanbul-ist-international-airport.com\/cs\/blog\/airbus-a380-trans-atlantic-travel\/"},"wordCount":710,"commentCount":0,"image":{"@id":"https:\/\/istanbul-ist-international-airport.com\/cs\/blog\/airbus-a380-trans-atlantic-travel\/#primaryimage"},"thumbnailUrl":"https:\/\/istanbul-ist-international-airport.com\/wp-content\/uploads\/2025\/04\/airbus-a380s-impact-on-trans-atlantic-travel.jpeg","articleSection":["Trends in Travel &amp; Mobility"],"inLanguage":"cs","potentialAction":[{"@type":"CommentAction","name":"Comment","target":["https:\/\/istanbul-ist-international-airport.com\/cs\/blog\/airbus-a380-trans-atlantic-travel\/#respond"]}]},{"@type":"WebPage","@id":"https:\/\/istanbul-ist-international-airport.com\/cs\/blog\/airbus-a380-trans-atlantic-travel\/","url":"https:\/\/istanbul-ist-international-airport.com\/cs\/blog\/airbus-a380-trans-atlantic-travel\/","name":"Dopad letounu Airbus A380 na transatlantick\u00e9 cestov\u00e1n\u00ed \u2013 Mezin\u00e1rodn\u00ed leti\u0161t\u011b Istanbul (IST) \u2013 Nov\u00e9 leti\u0161t\u011b Turecka","isPartOf":{"@id":"https:\/\/istanbul-ist-international-airport.com\/cs\/#website"},"primaryImageOfPage":{"@id":"https:\/\/istanbul-ist-international-airport.com\/cs\/blog\/airbus-a380-trans-atlantic-travel\/#primaryimage"},"image":{"@id":"https:\/\/istanbul-ist-international-airport.com\/cs\/blog\/airbus-a380-trans-atlantic-travel\/#primaryimage"},"thumbnailUrl":"https:\/\/istanbul-ist-international-airport.com\/wp-content\/uploads\/2025\/04\/airbus-a380s-impact-on-trans-atlantic-travel.jpeg","datePublished":"2025-04-08T21:02:30+00:00","author":{"@id":"https:\/\/istanbul-ist-international-airport.com\/cs\/#\/schema\/person\/71ece384d901a99eb7f9197b612d8a26"},"description":"Zjist\u011bte, jak Airbus A380 m\u011bn\u00ed transatlantick\u00e9 cestov\u00e1n\u00ed a co to znamen\u00e1 pro budouc\u00ed cesty","breadcrumb":{"@id":"https:\/\/istanbul-ist-international-airport.com\/cs\/blog\/airbus-a380-trans-atlantic-travel\/#breadcrumb"},"inLanguage":"cs","potentialAction":[{"@type":"ReadAction","target":["https:\/\/istanbul-ist-international-airport.com\/cs\/blog\/airbus-a380-trans-atlantic-travel\/"]}]},{"@type":"ImageObject","inLanguage":"cs","@id":"https:\/\/istanbul-ist-international-airport.com\/cs\/blog\/airbus-a380-trans-atlantic-travel\/#primaryimage","url":"https:\/\/istanbul-ist-international-airport.com\/wp-content\/uploads\/2025\/04\/airbus-a380s-impact-on-trans-atlantic-travel.jpeg","contentUrl":"https:\/\/istanbul-ist-international-airport.com\/wp-content\/uploads\/2025\/04\/airbus-a380s-impact-on-trans-atlantic-travel.jpeg","width":1280,"height":960},{"@type":"BreadcrumbList","@id":"https:\/\/istanbul-ist-international-airport.com\/cs\/blog\/airbus-a380-trans-atlantic-travel\/#breadcrumb","itemListElement":[{"@type":"ListItem","position":1,"name":"Home","item":"https:\/\/istanbul-ist-international-airport.com\/"},{"@type":"ListItem","position":2,"name":"Travel Guide","item":"https:\/\/istanbul-ist-international-airport.com\/cs\/blog\/"},{"@type":"ListItem","position":3,"name":"Airbus A380&#8217;s Impact on Trans-Atlantic Travel"}]},{"@type":"WebSite","@id":"https:\/\/istanbul-ist-international-airport.com\/cs\/#website","url":"https:\/\/istanbul-ist-international-airport.com\/cs\/","name":"Istanbul International Airport (IST) - Turkey&#039;s new airport","description":"Navigating Istanbul International Airport: A Traveler\u2019s Guide.","potentialAction":[{"@type":"SearchAction","target":{"@type":"EntryPoint","urlTemplate":"https:\/\/istanbul-ist-international-airport.com\/cs\/?s={search_term_string}"},"query-input":{"@type":"PropertyValueSpecification","valueRequired":true,"valueName":"search_term_string"}}],"inLanguage":"cs"},{"@type":"Person","@id":"https:\/\/istanbul-ist-international-airport.com\/cs\/#\/schema\/person\/71ece384d901a99eb7f9197b612d8a26","name":"anastasia_maisuradze","url":"https:\/\/istanbul-ist-international-airport.com\/cs\/author\/anastasia_maisuradze\/"}]}},"views":227,"_links":{"self":[{"href":"https:\/\/istanbul-ist-international-airport.com\/cs\/wp-json\/wp\/v2\/posts\/2720","targetHints":{"allow":["GET"]}}],"collection":[{"href":"https:\/\/istanbul-ist-international-airport.com\/cs\/wp-json\/wp\/v2\/posts"}],"about":[{"href":"https:\/\/istanbul-ist-international-airport.com\/cs\/wp-json\/wp\/v2\/types\/post"}],"author":[{"embeddable":true,"href":"https:\/\/istanbul-ist-international-airport.com\/cs\/wp-json\/wp\/v2\/users\/2"}],"replies":[{"embeddable":true,"href":"https:\/\/istanbul-ist-international-airport.com\/cs\/wp-json\/wp\/v2\/comments?post=2720"}],"version-history":[{"count":0,"href":"https:\/\/istanbul-ist-international-airport.com\/cs\/wp-json\/wp\/v2\/posts\/2720\/revisions"}],"wp:featuredmedia":[{"embeddable":true,"href":"https:\/\/istanbul-ist-international-airport.com\/cs\/wp-json\/wp\/v2\/media\/2721"}],"wp:attachment":[{"href":"https:\/\/istanbul-ist-international-airport.com\/cs\/wp-json\/wp\/v2\/media?parent=2720"}],"wp:term":[{"taxonomy":"category","embeddable":true,"href":"https:\/\/istanbul-ist-international-airport.com\/cs\/wp-json\/wp\/v2\/categories?post=2720"},{"taxonomy":"post_tag","embeddable":true,"href":"https:\/\/istanbul-ist-international-airport.com\/cs\/wp-json\/wp\/v2\/tags?post=2720"}],"curies":[{"name":"wp","href":"https:\/\/api.w.org\/{rel}","templated":true}]}}