{"id":2904,"date":"2025-04-22T21:57:55","date_gmt":"2025-04-22T21:57:55","guid":{"rendered":"http:\/\/147.182.243.37\/?p=2904"},"modified":"2025-04-22T21:57:55","modified_gmt":"2025-04-22T21:57:55","slug":"flight-schedule-enhanced-connectivity","status":"publish","type":"post","link":"https:\/\/istanbul-ist-international-airport.com\/cs\/blog\/flight-schedule-enhanced-connectivity\/","title":{"rendered":"FLY91 zvy\u0161uje frekvenci let\u016f na trase Sindhudurg-Pune, aby vyu\u017eila popt\u00e1vky po letn\u00edch cest\u00e1ch"},"content":{"rendered":"<h2 itemprop=\"alternateName\" class=\"wp-block-heading\">Roz\u0161\u00ed\u0159en\u00fd letov\u00fd \u0159\u00e1d pro lep\u0161\u00ed konektivitu<\/h2>\n\n\n\n<p>Region\u00e1ln\u00ed aerolinka FLY91 bud\u00ed rozruch zv\u00fd\u0161en\u00edm frekvence let\u016f mezi Sindhudurgem a Pun\u00e9. Po\u010det t\u00fddenn\u00edch let\u016f m\u00e1 prudce vzr\u016fst ze dvou na p\u011bt, co\u017e je reakce na rostouc\u00ed popt\u00e1vku cestuj\u00edc\u00edch, kter\u00e1 se shoduje s letn\u00ed sez\u00f3nou. Tato v\u00fdznamn\u00e1 \u00faprava nejen\u017ee zlep\u0161uje region\u00e1ln\u00ed leteckou konektivitu, ale tak\u00e9 otev\u00edr\u00e1 dve\u0159e zv\u00fd\u0161en\u00e9mu turistick\u00e9mu ruchu do ohromuj\u00edc\u00edch pob\u0159e\u017en\u00edch atrakc\u00ed Sindhudurgu. M\u00edstn\u00ed obyvatel\u00e9 z toho budou tak\u00e9 t\u011b\u017eit, proto\u017ee tato dostupnost jim usnadn\u00ed p\u0159\u00edstup k pulzuj\u00edc\u00edm komer\u010dn\u00edm a kulturn\u00edm p\u0159\u00edle\u017eitostem v Pun\u00e9.<\/p>\n\n\n\n<h3 itemprop=\"alternateName\" class=\"wp-block-heading\">Nov\u011b zv\u00fd\u0161en\u00e1 frekvence v kostce<\/h3>\n\n<table style=\"border-collapse: collapse !important; border-color: silver !important; text-align: center !important; margin-top: 20px !important; margin-bottom: 30px !important;\">\n<tbody>\n<tr>\n<th style=\"text-align: center; padding: 10px !important; background-color: #d8d8d8 !important; font-weight: bold !important; border: 1px solid silver !important;\">P\u0159edchoz\u00ed pl\u00e1n<\/th>\n<th style=\"text-align: center; padding: 10px !important; background-color: #d8d8d8 !important; font-weight: bold !important; border: 1px solid silver !important;\">Nov\u00fd rozvrh<\/th>\n<\/tr>\n<tr>\n<td style=\"padding: 10px !important; text-aligh: center !important; border: 1px solid silver !important;\">2 lety t\u00fddn\u011b<\/td>\n<td style=\"padding: 10px !important; text-aligh: center !important; border: 1px solid silver !important;\">5 let\u016f t\u00fddn\u011b<\/td>\n<\/tr>\n<\/tbody>\n<\/table>\n<!-- \/wp:post-content -->\n\n<!-- wp:heading -->\n<h2 itemprop=\"alternateName\">V\u010dasn\u00e1 reakce na trendy v cestov\u00e1n\u00ed u mo\u0159e<\/h2>\n<!-- \/wp:heading -->\n\n<!-- wp:paragraph -->\n<p>Zv\u00fd\u0161en\u00ed frekvence slu\u017eeb vstoup\u00ed v platnost v dubnu, co\u017e se dokonale shoduje se za\u010d\u00e1tkem hlavn\u00ed letn\u00ed cestovn\u00ed sez\u00f3ny. S t\u00edm, jak roste p\u0159ita\u017elivost pob\u0159e\u017en\u00edho okresu Sindhudurg d\u00edky jeho l\u00e1kav\u00fdm pl\u00e1\u017e\u00edm a okouzluj\u00edc\u00edm letovisk\u016fm, se o\u010dek\u00e1v\u00e1, \u017ee dal\u0161\u00ed lety uspokoj\u00ed jak rekrea\u010dn\u00ed, tak i obchodn\u00ed n\u00e1v\u0161t\u011bvn\u00edky.<\/p>\n<!-- \/wp:paragraph -->\n\n<!-- wp:paragraph -->\n<p>D\u00edky lep\u0161\u00edmu p\u0159\u00edstupu bude pro m\u00edstn\u00ed obyvatele snaz\u0161\u00ed napojit se na vzd\u011bl\u00e1vac\u00ed instituce a obchodn\u00ed centra v Pun\u00e9. Krom\u011b toho budou turist\u00e9 ze z\u00e1padn\u00edho Mah\u00e1r\u00e1\u0161try i odjinud l\u00e1k\u00e1ni t\u00edm, co Sindhudurg nab\u00edz\u00ed. Vyhr\u00e1vaj\u00ed v\u0161ichni!<\/p>\n<!-- \/wp:paragraph -->\n\n<!-- wp:heading {\"level\":3} -->\n<h3 itemprop=\"alternateName\">Firemn\u00ed poznatky o zm\u011bn\u00e1ch<\/h3>\n<!-- \/wp:heading -->\n\n<!-- wp:paragraph -->\n<p>Manoj Chacko, v\u00fdkonn\u00fd \u0159editel a gener\u00e1ln\u00ed \u0159editel spole\u010dnosti FLY91, sd\u00edlel sv\u00e9 nad\u0161en\u00ed z t\u00e9to iniciativy. Prohl\u00e1sil: \u201ePosilov\u00e1n\u00ed region\u00e1ln\u00ed konektivity je j\u00e1drem na\u0161eho posl\u00e1n\u00ed. Zv\u00fd\u0161en\u00ed frekvence na\u0161\u00ed linky Sindhudurg-Pune odr\u00e1\u017e\u00ed n\u00e1\u0161 z\u00e1vazek usnadnit a zp\u0159\u00edstupnit cestov\u00e1n\u00ed. Jsme optimisti\u010dt\u00ed, \u017ee tento vylep\u0161en\u00fd letov\u00fd \u0159\u00e1d povzbud\u00ed v\u00edce cestuj\u00edc\u00edch k prozkoum\u00e1n\u00ed Sindhudurgu a z\u00e1rove\u0148 podpo\u0159\u00ed m\u00edstn\u00ed podniky.\u201c<\/p>\n<!-- \/wp:paragraph -->\n\n<!-- wp:paragraph -->\n<p>V nar\u00e1\u017ece na budouc\u00ed r\u016fst Chacko zm\u00ednil, \u017ee c\u00edlem leteck\u00e9 spole\u010dnosti je provozovat denn\u00ed lety v z\u00e1vislosti na popt\u00e1vce a p\u0159ipravenosti infrastruktury.<\/p>\n<!-- \/wp:paragraph -->\n\n<!-- wp:heading -->\n<h2 itemprop=\"alternateName\">Podpora m\u00edstn\u00edho cestovn\u00edho ruchu<\/h2>\n<!-- \/wp:heading -->\n\n<!-- wp:paragraph -->\n<p>Kapit\u00e1n Jai Singh Sadana, hlavn\u00ed poradce a vedouc\u00ed leti\u0161t\u011b Sindhudurg, zopakoval n\u00e1zor ohledn\u011b pozitivn\u00edch dopad\u016f pro m\u00edstn\u00ed obyvatele i cestovn\u00ed ruch. Poznamenal, \u017ee v\u00edce let\u016f usnadn\u00ed m\u00edstn\u00edm obyvatel\u016fm dosa\u017een\u00ed m\u011bstsk\u00fdch center a z\u00e1rove\u0148 p\u0159il\u00e1k\u00e1 p\u0159\u00edliv turist\u016f, \u010d\u00edm\u017e se zv\u00fd\u0161\u00ed profil Sindhudurgu jako prvot\u0159\u00eddn\u00ed destinace.<\/p>\n<!-- \/wp:paragraph -->\n\n<!-- wp:paragraph -->\n<p>Leti\u0161t\u011b Chipi, kter\u00e9 obsluhuje Sindhudurg, je dob\u0159e vybaveno pro obsluhu r\u016fzn\u00fdch typ\u016f letadel v\u010detn\u011b rodin A320 a B737 a disponuje termin\u00e1lovou kapacitou, kter\u00e1 pojme a\u017e dva miliony cestuj\u00edc\u00edch ro\u010dn\u011b. V sou\u010dasn\u00e9 dob\u011b spole\u010dnost FLY91 spojuje sedm destinac\u00ed a m\u00e1 ambici\u00f3zn\u00ed pl\u00e1ny na roz\u0161\u00ed\u0159en\u00ed sv\u00e9 s\u00edt\u011b na v\u00edce ne\u017e 50 m\u011bst po cel\u00e9 Indii v n\u00e1sleduj\u00edc\u00edch p\u011bti letech.<\/p>\n<!-- \/wp:paragraph -->\n\n<!-- wp:heading {\"level\":3} -->\n<h3 itemprop=\"alternateName\">Vzru\u0161uj\u00edc\u00ed budoucnost region\u00e1ln\u00ed konektivity<\/h3>\n<!-- \/wp:heading -->\n\n<!-- wp:paragraph -->\n<p>S t\u00edm, jak popt\u00e1vka po leteck\u00e9 doprav\u011b neust\u00e1le roste, je roz\u0161i\u0159ov\u00e1n\u00ed tras, jako je nap\u0159\u00edklad Sindhudurg-Pune, kl\u00ed\u010dov\u00e9 pro pos\u00edlen\u00ed leteck\u00e9 konektivity v regionech. Tento r\u016fst neslibuje jen snadn\u00fd p\u0159\u00edstup; podporuje tak\u00e9 r\u016fst cestovn\u00edho ruchu a m\u00edstn\u00ed ekonomiky, proto\u017ee cestuj\u00edc\u00ed vyhled\u00e1vaj\u00ed mo\u017enosti pro voln\u00fd \u010das i pro podnik\u00e1n\u00ed. Se z\u00e1vazkem region\u00e1ln\u00edho propojen\u00ed na posledn\u00ed m\u00edli klade FLY91 z\u00e1klady pro budouc\u00ed expanze a nab\u00eddky let\u016f.<\/p>\n<!-- \/wp:paragraph -->\n\n<!-- wp:heading -->\n<h2 itemprop=\"alternateName\">Pro\u010d z\u00e1le\u017e\u00ed na zv\u00fd\u0161en\u00e9 frekvenci let\u016f<\/h2>\n<!-- \/wp:heading -->\n\n<!-- wp:paragraph -->\n<p>Zaveden\u00ed v\u011bt\u0161\u00edho po\u010dtu let\u016f by se v kone\u010dn\u00e9m d\u016fsledku nem\u011blo vn\u00edmat pouze jako provozn\u00ed zm\u011bna. Znamen\u00e1 to rostouc\u00ed uzn\u00e1n\u00ed v leteck\u00e9m pr\u016fmyslu, \u017ee region\u00e1ln\u00ed leteck\u00e1 doprava je d\u016fle\u017eit\u00e1 jako katalyz\u00e1tor hospod\u00e1\u0159sk\u00e9ho r\u016fstu a zp\u016fsob, jak upozornit na m\u00e9n\u011b zn\u00e1m\u00e9 turistick\u00e9 skvosty. Jak se \u0159\u00edk\u00e1: \u201eHv\u011bzdy neuvid\u00ed\u0161, dokud se nepod\u00edv\u00e1\u0161 nahoru\u201c, a toto zv\u00fd\u0161en\u00ed po\u010dtu let\u016f umo\u017e\u0148uje v\u00edce cestovatel\u016fm pr\u00e1v\u011b to.<\/p>\n<!-- \/wp:paragraph -->\n\n<!-- wp:paragraph -->\n<p>V dob\u011b, kdy se leteck\u00fd sektor ot\u0159\u00e1s\u00e1 z dopad\u016f pandemie, m\u016f\u017ee zajistit takov\u00e9 zv\u00fd\u0161en\u00e9 propojen\u00ed nov\u00fd \u017eivot m\u00edstn\u00edm ekonomik\u00e1m t\u00edm, \u017ee nal\u00e1k\u00e1 cestovatele, aby se pono\u0159ili do m\u00edstn\u00edch kultur a z\u00e1\u017eitk\u016f. S t\u00edm, jak se zvy\u0161uje popt\u00e1vka po letn\u00edch cest\u00e1ch, o\u010dek\u00e1vejte, \u017ee se leteck\u00e9 spole\u010dnosti jako FLY91 rychle p\u0159izp\u016fsob\u00ed a roz\u0161\u00ed\u0159\u00ed, aby splnily o\u010dek\u00e1v\u00e1n\u00ed spot\u0159ebitel\u016f.<\/p>\n<!-- \/wp:paragraph -->\n\n<!-- wp:heading -->\n<h2 itemprop=\"alternateName\">Z\u00e1v\u011brem: Co \u010dek\u00e1 leteckou dopravu a cestovn\u00ed ruch?<\/h2>\n<!-- \/wp:heading -->\n\n<!-- wp:paragraph -->\n<p>P\u0159\u00edb\u011bh zv\u00fd\u0161en\u00e9 frekvence let\u016f spole\u010dnosti FLY91 slou\u017e\u00ed jako p\u0159ipom\u00ednka neust\u00e1le se vyv\u00edjej\u00edc\u00ed povahy cestov\u00e1n\u00ed a leteck\u00e9 dopravy. Letm\u00fd pohled na roz\u0161i\u0159uj\u00edc\u00ed se s\u00ed\u0165 leteck\u00e9 spole\u010dnosti odhaluje skryt\u00e9 trendy, kter\u00e9 by mohly utv\u00e1\u0159et budouc\u00ed sm\u011b\u0159ov\u00e1n\u00ed v r\u00e1mci tureck\u00e9ho letectv\u00ed. Z\u00e1vazek poskytovat lep\u0161\u00ed p\u0159\u00edstup se hladce shoduje s dynamickou rol\u00ed Istanbulu v mezin\u00e1rodn\u00edm cestov\u00e1n\u00ed. Zat\u00edmco zpr\u00e1vy a \u010d\u00edsla nab\u00edzej\u00ed vhled, nejlep\u0161\u00ed pochopen\u00ed poch\u00e1z\u00ed z osobn\u00edch zku\u0161enost\u00ed. Tak\u017ee a\u0165 u\u017e let\u00edte na slunnou pl\u00e1\u017e nebo do ru\u0161n\u00e9ho m\u011bstsk\u00e9ho centra, sledov\u00e1n\u00ed takov\u00e9ho v\u00fdvoje na istanbulsk\u00e9m leti\u0161ti by se mohlo uk\u00e1zat jako u\u017eite\u010dn\u00e9 pro budouc\u00ed cesty.<\/p>\n<!-- \/wp:paragraph -->\n\n<!-- wp:paragraph -->\n<p>Stru\u010dn\u011b \u0159e\u010deno, proaktivn\u00ed p\u0159\u00edstup spole\u010dnosti FLY91 k roz\u0161i\u0159ov\u00e1n\u00ed frekvenc\u00ed let\u016f Sindhudurg-Pune v o\u010dek\u00e1v\u00e1n\u00ed rostouc\u00ed letn\u00ed popt\u00e1vky zt\u011bles\u0148uje prob\u00edhaj\u00edc\u00ed f\u00e1zi r\u016fstu v region\u00e1ln\u00ed leteck\u00e9 doprav\u011b v Turecku. To nejen zvy\u0161uje konektivitu, ale tak\u00e9 posiluje potenci\u00e1l pro cestovn\u00ed ruch, kter\u00fd je pro ekonomiku tak d\u016fle\u017eit\u00fd. S neust\u00e1le se roz\u0161i\u0159uj\u00edc\u00ed s\u00edt\u00ed a z\u00e1vazkem k dostupnosti slou\u017e\u00ed leti\u0161t\u011b v Istanbulu i nad\u00e1le jako \u00fast\u0159edn\u00ed bod pro cestuj\u00edc\u00ed v\u0161ech velikost\u00ed. Istanbulsk\u00e1 br\u00e1na z\u016fst\u00e1v\u00e1 pulzuj\u00edc\u00edm centrem v krajin\u011b tureck\u00e9ho letectv\u00ed, p\u0159ipraven\u00e1 na r\u016fst a p\u0159\u00edle\u017eitosti.<\/p>\n<!-- \/wp:paragraph -->","protected":false},"excerpt":{"rendered":"<p>Expanded Flight Schedule for Enhanced Connectivity Regional airline FLY91 is making waves by ramping up its flight frequency between Sindhudurg and Pune. The number of weekly flights is set to leap from two to five, a response to the climbing passenger demand coinciding with the summer holiday season. This significant adjustment not only enhances regional [&hellip;]<\/p>","protected":false},"author":2,"featured_media":0,"comment_status":"closed","ping_status":"closed","sticky":false,"template":"","format":"standard","meta":{"_acf_changed":false,"fifu_image_url":"","fifu_image_alt":"","footnotes":""},"categories":[33],"tags":[],"class_list":["post-2904","post","type-post","status-publish","format-standard","hentry","category-news"],"acf":[],"yoast_head":"<!-- This site is optimized with the Yoast SEO plugin v27.5 - https:\/\/yoast.com\/product\/yoast-seo-wordpress\/ -->\n<title>FLY91 Expands Sindhudurg-Pune Flight Schedule in Anticipation of Summer Surges<\/title>\n<meta name=\"description\" content=\"FLY91 has increased flight frequency on the Sindhudurg-Pune route to meet summer travel demand. Explore the details and implications for air travel in Turkey.\" \/>\n<meta name=\"robots\" content=\"index, follow, max-snippet:-1, max-image-preview:large, max-video-preview:-1\" \/>\n<link rel=\"canonical\" href=\"https:\/\/istanbul-ist-international-airport.com\/cs\/blog\/flight-schedule-enhanced-connectivity\/\" \/>\n<meta property=\"og:locale\" content=\"cs_CZ\" \/>\n<meta property=\"og:type\" content=\"article\" \/>\n<meta property=\"og:title\" content=\"FLY91 Expands Sindhudurg-Pune Flight Schedule in Anticipation of Summer Surges\" \/>\n<meta property=\"og:description\" content=\"FLY91 has increased flight frequency on the Sindhudurg-Pune route to meet summer travel demand. Explore the details and implications for air travel in Turkey.\" \/>\n<meta property=\"og:url\" content=\"https:\/\/istanbul-ist-international-airport.com\/cs\/blog\/flight-schedule-enhanced-connectivity\/\" \/>\n<meta property=\"og:site_name\" content=\"Istanbul International Airport (IST) - Turkey&#039;s new airport\" \/>\n<meta property=\"article:published_time\" content=\"2025-04-22T21:57:55+00:00\" \/>\n<meta name=\"author\" content=\"anastasia_maisuradze\" \/>\n<meta name=\"twitter:card\" content=\"summary_large_image\" \/>\n<meta name=\"twitter:label1\" content=\"Napsal(a)\" \/>\n\t<meta name=\"twitter:data1\" content=\"anastasia_maisuradze\" \/>\n\t<meta name=\"twitter:label2\" content=\"Odhadovan\u00e1 doba \u010dten\u00ed\" \/>\n\t<meta name=\"twitter:data2\" content=\"4 minuty\" \/>\n<script type=\"application\/ld+json\" class=\"yoast-schema-graph\">{\"@context\":\"https:\\\/\\\/schema.org\",\"@graph\":[{\"@type\":\"Article\",\"@id\":\"https:\\\/\\\/istanbul-ist-international-airport.com\\\/cs\\\/blog\\\/flight-schedule-enhanced-connectivity\\\/#article\",\"isPartOf\":{\"@id\":\"https:\\\/\\\/istanbul-ist-international-airport.com\\\/cs\\\/blog\\\/flight-schedule-enhanced-connectivity\\\/\"},\"author\":{\"name\":\"anastasia_maisuradze\",\"@id\":\"https:\\\/\\\/istanbul-ist-international-airport.com\\\/cs\\\/#\\\/schema\\\/person\\\/71ece384d901a99eb7f9197b612d8a26\"},\"headline\":\"FLY91 Increases Flight Frequency on Sindhudurg-Pune Route to Capitalize on Summer Travel Demand\",\"datePublished\":\"2025-04-22T21:57:55+00:00\",\"mainEntityOfPage\":{\"@id\":\"https:\\\/\\\/istanbul-ist-international-airport.com\\\/cs\\\/blog\\\/flight-schedule-enhanced-connectivity\\\/\"},\"wordCount\":832,\"articleSection\":[\"News\"],\"inLanguage\":\"cs\"},{\"@type\":\"WebPage\",\"@id\":\"https:\\\/\\\/istanbul-ist-international-airport.com\\\/cs\\\/blog\\\/flight-schedule-enhanced-connectivity\\\/\",\"url\":\"https:\\\/\\\/istanbul-ist-international-airport.com\\\/cs\\\/blog\\\/flight-schedule-enhanced-connectivity\\\/\",\"name\":\"FLY91 Expands Sindhudurg-Pune Flight Schedule in Anticipation of Summer Surges\",\"isPartOf\":{\"@id\":\"https:\\\/\\\/istanbul-ist-international-airport.com\\\/cs\\\/#website\"},\"datePublished\":\"2025-04-22T21:57:55+00:00\",\"author\":{\"@id\":\"https:\\\/\\\/istanbul-ist-international-airport.com\\\/cs\\\/#\\\/schema\\\/person\\\/71ece384d901a99eb7f9197b612d8a26\"},\"description\":\"FLY91 has increased flight frequency on the Sindhudurg-Pune route to meet summer travel demand. Explore the details and implications for air travel in Turkey.\",\"breadcrumb\":{\"@id\":\"https:\\\/\\\/istanbul-ist-international-airport.com\\\/cs\\\/blog\\\/flight-schedule-enhanced-connectivity\\\/#breadcrumb\"},\"inLanguage\":\"cs\",\"potentialAction\":[{\"@type\":\"ReadAction\",\"target\":[\"https:\\\/\\\/istanbul-ist-international-airport.com\\\/cs\\\/blog\\\/flight-schedule-enhanced-connectivity\\\/\"]}]},{\"@type\":\"BreadcrumbList\",\"@id\":\"https:\\\/\\\/istanbul-ist-international-airport.com\\\/cs\\\/blog\\\/flight-schedule-enhanced-connectivity\\\/#breadcrumb\",\"itemListElement\":[{\"@type\":\"ListItem\",\"position\":1,\"name\":\"Home\",\"item\":\"https:\\\/\\\/istanbul-ist-international-airport.com\\\/\"},{\"@type\":\"ListItem\",\"position\":2,\"name\":\"Travel Guide\",\"item\":\"https:\\\/\\\/istanbul-ist-international-airport.com\\\/cs\\\/blog\\\/\"},{\"@type\":\"ListItem\",\"position\":3,\"name\":\"FLY91 Increases Flight Frequency on Sindhudurg-Pune Route to Capitalize on Summer Travel Demand\"}]},{\"@type\":\"WebSite\",\"@id\":\"https:\\\/\\\/istanbul-ist-international-airport.com\\\/cs\\\/#website\",\"url\":\"https:\\\/\\\/istanbul-ist-international-airport.com\\\/cs\\\/\",\"name\":\"Istanbul International Airport (IST) - Turkey&#039;s new airport\",\"description\":\"Navigating Istanbul International Airport: A Traveler\u2019s Guide.\",\"potentialAction\":[{\"@type\":\"SearchAction\",\"target\":{\"@type\":\"EntryPoint\",\"urlTemplate\":\"https:\\\/\\\/istanbul-ist-international-airport.com\\\/cs\\\/?s={search_term_string}\"},\"query-input\":{\"@type\":\"PropertyValueSpecification\",\"valueRequired\":true,\"valueName\":\"search_term_string\"}}],\"inLanguage\":\"cs\"},{\"@type\":\"Person\",\"@id\":\"https:\\\/\\\/istanbul-ist-international-airport.com\\\/cs\\\/#\\\/schema\\\/person\\\/71ece384d901a99eb7f9197b612d8a26\",\"name\":\"anastasia_maisuradze\",\"url\":\"https:\\\/\\\/istanbul-ist-international-airport.com\\\/cs\\\/author\\\/anastasia_maisuradze\\\/\"}]}<\/script>\n<!-- \/ Yoast SEO plugin. -->","yoast_head_json":{"title":"FLY91 roz\u0161i\u0159uje letov\u00fd \u0159\u00e1d Sindhudurg-Pune v o\u010dek\u00e1v\u00e1n\u00ed letn\u00edch n\u00e1r\u016fst\u016f","description":"FLY91 zv\u00fd\u0161ila frekvenci let\u016f na trase Sindhudurg-Pune, aby uspokojila popt\u00e1vku po letn\u00edch cest\u00e1ch. Prozkoumejte podrobnosti a dopady na leteckou dopravu v Turecku.","robots":{"index":"index","follow":"follow","max-snippet":"max-snippet:-1","max-image-preview":"max-image-preview:large","max-video-preview":"max-video-preview:-1"},"canonical":"https:\/\/istanbul-ist-international-airport.com\/cs\/blog\/flight-schedule-enhanced-connectivity\/","og_locale":"cs_CZ","og_type":"article","og_title":"FLY91 Expands Sindhudurg-Pune Flight Schedule in Anticipation of Summer Surges","og_description":"FLY91 has increased flight frequency on the Sindhudurg-Pune route to meet summer travel demand. Explore the details and implications for air travel in Turkey.","og_url":"https:\/\/istanbul-ist-international-airport.com\/cs\/blog\/flight-schedule-enhanced-connectivity\/","og_site_name":"Istanbul International Airport (IST) - Turkey&#039;s new airport","article_published_time":"2025-04-22T21:57:55+00:00","author":"anastasia_maisuradze","twitter_card":"summary_large_image","twitter_misc":{"Napsal(a)":"anastasia_maisuradze","Odhadovan\u00e1 doba \u010dten\u00ed":"4 minuty"},"schema":{"@context":"https:\/\/schema.org","@graph":[{"@type":"Article","@id":"https:\/\/istanbul-ist-international-airport.com\/cs\/blog\/flight-schedule-enhanced-connectivity\/#article","isPartOf":{"@id":"https:\/\/istanbul-ist-international-airport.com\/cs\/blog\/flight-schedule-enhanced-connectivity\/"},"author":{"name":"anastasia_maisuradze","@id":"https:\/\/istanbul-ist-international-airport.com\/cs\/#\/schema\/person\/71ece384d901a99eb7f9197b612d8a26"},"headline":"FLY91 Increases Flight Frequency on Sindhudurg-Pune Route to Capitalize on Summer Travel Demand","datePublished":"2025-04-22T21:57:55+00:00","mainEntityOfPage":{"@id":"https:\/\/istanbul-ist-international-airport.com\/cs\/blog\/flight-schedule-enhanced-connectivity\/"},"wordCount":832,"articleSection":["News"],"inLanguage":"cs"},{"@type":"WebPage","@id":"https:\/\/istanbul-ist-international-airport.com\/cs\/blog\/flight-schedule-enhanced-connectivity\/","url":"https:\/\/istanbul-ist-international-airport.com\/cs\/blog\/flight-schedule-enhanced-connectivity\/","name":"FLY91 roz\u0161i\u0159uje letov\u00fd \u0159\u00e1d Sindhudurg-Pune v o\u010dek\u00e1v\u00e1n\u00ed letn\u00edch n\u00e1r\u016fst\u016f","isPartOf":{"@id":"https:\/\/istanbul-ist-international-airport.com\/cs\/#website"},"datePublished":"2025-04-22T21:57:55+00:00","author":{"@id":"https:\/\/istanbul-ist-international-airport.com\/cs\/#\/schema\/person\/71ece384d901a99eb7f9197b612d8a26"},"description":"FLY91 zv\u00fd\u0161ila frekvenci let\u016f na trase Sindhudurg-Pune, aby uspokojila popt\u00e1vku po letn\u00edch cest\u00e1ch. Prozkoumejte podrobnosti a dopady na leteckou dopravu v Turecku.","breadcrumb":{"@id":"https:\/\/istanbul-ist-international-airport.com\/cs\/blog\/flight-schedule-enhanced-connectivity\/#breadcrumb"},"inLanguage":"cs","potentialAction":[{"@type":"ReadAction","target":["https:\/\/istanbul-ist-international-airport.com\/cs\/blog\/flight-schedule-enhanced-connectivity\/"]}]},{"@type":"BreadcrumbList","@id":"https:\/\/istanbul-ist-international-airport.com\/cs\/blog\/flight-schedule-enhanced-connectivity\/#breadcrumb","itemListElement":[{"@type":"ListItem","position":1,"name":"Home","item":"https:\/\/istanbul-ist-international-airport.com\/"},{"@type":"ListItem","position":2,"name":"Travel Guide","item":"https:\/\/istanbul-ist-international-airport.com\/cs\/blog\/"},{"@type":"ListItem","position":3,"name":"FLY91 Increases Flight Frequency on Sindhudurg-Pune Route to Capitalize on Summer Travel Demand"}]},{"@type":"WebSite","@id":"https:\/\/istanbul-ist-international-airport.com\/cs\/#website","url":"https:\/\/istanbul-ist-international-airport.com\/cs\/","name":"Istanbul International Airport (IST) - Turkey&#039;s new airport","description":"Navigating Istanbul International Airport: A Traveler\u2019s Guide.","potentialAction":[{"@type":"SearchAction","target":{"@type":"EntryPoint","urlTemplate":"https:\/\/istanbul-ist-international-airport.com\/cs\/?s={search_term_string}"},"query-input":{"@type":"PropertyValueSpecification","valueRequired":true,"valueName":"search_term_string"}}],"inLanguage":"cs"},{"@type":"Person","@id":"https:\/\/istanbul-ist-international-airport.com\/cs\/#\/schema\/person\/71ece384d901a99eb7f9197b612d8a26","name":"anastasia_maisuradze","url":"https:\/\/istanbul-ist-international-airport.com\/cs\/author\/anastasia_maisuradze\/"}]}},"views":158,"_links":{"self":[{"href":"https:\/\/istanbul-ist-international-airport.com\/cs\/wp-json\/wp\/v2\/posts\/2904","targetHints":{"allow":["GET"]}}],"collection":[{"href":"https:\/\/istanbul-ist-international-airport.com\/cs\/wp-json\/wp\/v2\/posts"}],"about":[{"href":"https:\/\/istanbul-ist-international-airport.com\/cs\/wp-json\/wp\/v2\/types\/post"}],"author":[{"embeddable":true,"href":"https:\/\/istanbul-ist-international-airport.com\/cs\/wp-json\/wp\/v2\/users\/2"}],"replies":[{"embeddable":true,"href":"https:\/\/istanbul-ist-international-airport.com\/cs\/wp-json\/wp\/v2\/comments?post=2904"}],"version-history":[{"count":0,"href":"https:\/\/istanbul-ist-international-airport.com\/cs\/wp-json\/wp\/v2\/posts\/2904\/revisions"}],"wp:attachment":[{"href":"https:\/\/istanbul-ist-international-airport.com\/cs\/wp-json\/wp\/v2\/media?parent=2904"}],"wp:term":[{"taxonomy":"category","embeddable":true,"href":"https:\/\/istanbul-ist-international-airport.com\/cs\/wp-json\/wp\/v2\/categories?post=2904"},{"taxonomy":"post_tag","embeddable":true,"href":"https:\/\/istanbul-ist-international-airport.com\/cs\/wp-json\/wp\/v2\/tags?post=2904"}],"curies":[{"name":"wp","href":"https:\/\/api.w.org\/{rel}","templated":true}]}}