{"id":3008,"date":"2025-05-20T08:29:23","date_gmt":"2025-05-20T08:29:23","guid":{"rendered":"http:\/\/147.182.243.37\/?p=3008"},"modified":"2025-05-20T08:29:23","modified_gmt":"2025-05-20T08:29:23","slug":"exploring-local-initiatives-tourism","status":"publish","type":"post","link":"https:\/\/istanbul-ist-international-airport.com\/cs\/blog\/exploring-local-initiatives-tourism\/","title":{"rendered":"Ned\u00e1vn\u00fd v\u00fdvoj v tureck\u00e9m cestovn\u00edm ruchu a kulturn\u00edch iniciativ\u00e1ch"},"content":{"rendered":"<h2 itemprop=\"alternateName\" class=\"wp-block-heading\">Zkoum\u00e1n\u00ed m\u00edstn\u00edch iniciativ pro inkluzivitu v cestovn\u00edm ruchu<\/h2>\n\n\n\n<p>V ned\u00e1vn\u00e9 dob\u011b se v Turecku objevilo zna\u010dn\u00e9 \u00fasil\u00ed o podporu inkluzivity a p\u0159\u00edstupnosti, zejm\u00e9na pokud jde o cestovn\u00ed ruch. P\u0159\u00edkladem t\u00e9to snahy byla akce na ve\u0159ejn\u00e9 pl\u00e1\u017ei Akmaz, kter\u00e1 oslavovala T\u00fdden zdravotn\u011b posti\u017een\u00fdch, kter\u00fd prob\u00edhal od 10. do 16. kv\u011btna. Toto setk\u00e1n\u00ed podpo\u0159ilo ducha spole\u010denstv\u00ed a svedlo dohromady osoby se zdravotn\u00edm posti\u017een\u00edm a jejich rodiny na den pln\u00fd radostn\u00fdch aktivit.<\/p>\n\n\n\n<p>Takov\u00e9 iniciativy jsou z\u00e1sadn\u00ed nejen pro spole\u010densk\u00e9 pov\u011bdom\u00ed, ale tak\u00e9 pro zlep\u0161en\u00ed celkov\u00e9ho z\u00e1\u017eitku v odv\u011btv\u00ed cestovn\u00edho ruchu. D\u016fraz na inkluzivitu m\u016f\u017ee v\u00fdrazn\u011b obohatit z\u00e1\u017eitek n\u00e1v\u0161t\u011bvn\u00edk\u016f, co\u017e odr\u00e1\u017e\u00ed rostouc\u00ed pochopen\u00ed, \u017ee turistick\u00e9 lokality by m\u011bly b\u00fdt otev\u0159en\u00e9 v\u0161em. T\u00edm, \u017ee Turecko vyzdvihuje tyto principy, ukazuje, jak mohou kulturn\u00ed akce hr\u00e1t kl\u00ed\u010dovou roli p\u0159i zp\u0159\u00edstup\u0148ov\u00e1n\u00ed ve\u0159ejn\u00fdch prostor \u2013 co\u017e je t\u00e9ma, kter\u00e9 dob\u0159e koresponduje s v\u00fdvojem na istanbulsk\u00e9m leti\u0161ti a dal\u0161\u00edch ve\u0159ejn\u00fdch m\u00edstech.<\/p>\n\n\n\n<h2 itemprop=\"alternateName\" class=\"wp-block-heading\">P\u011bstov\u00e1n\u00ed mezin\u00e1rodn\u00edch vztah\u016f pro r\u016fst cestovn\u00edho ruchu<\/h2>\n\n\n\n<p>M\u00edstn\u00ed \u00fa\u0159ady, kter\u00e9 stoj\u00ed v \u010dele propagace Fethiye, investovaly do mezin\u00e1rodn\u00edch aktivit. Ned\u00e1vn\u00e1 n\u00e1v\u0161t\u011bva starosty Fethiye ve Skotsku otev\u0159ela dve\u0159e pro spole\u010dn\u00e9 \u00fasil\u00ed zam\u011b\u0159en\u00e9 na pos\u00edlen\u00ed kulturn\u00edch a hospod\u00e1\u0159sk\u00fdch vazeb. Jedn\u00e1n\u00ed se soust\u0159edila na vytvo\u0159en\u00ed spole\u010dn\u00fdch podnik\u016f, kter\u00e9 by umo\u017enily uv\u00e1d\u011bt m\u00edstn\u00ed produkty z Fethiye na skotsk\u00fd trh.<\/p>\n\n\n\n<p>Takov\u00e1 mezin\u00e1rodn\u00ed partnerstv\u00ed jsou kl\u00ed\u010dov\u00e1 pro oblasti jako Fethiye, proto\u017ee vyu\u017e\u00edvaj\u00ed nov\u00e9 turistick\u00e9 proudy, co\u017e p\u0159isp\u00edv\u00e1 k \u017eiv\u00e9 ekonomice a pos\u00edlen\u00e9 kulturn\u00ed v\u00fdm\u011bn\u011b. Podpora z\u00edskan\u00e1 od skotsk\u00fdch hodnost\u00e1\u0159\u016f ilustruje d\u016fle\u017eitost glob\u00e1ln\u00edch vztah\u016f p\u0159i obohacov\u00e1n\u00ed m\u00edstn\u00ed turistick\u00e9 krajiny. Tento aspekt rezonuje s cestovateli, kte\u0159\u00ed p\u0159il\u00e9taj\u00ed p\u0159es istanbulsk\u00e9 leti\u0161t\u011b, proto\u017ee hledaj\u00ed z\u00e1\u017eitky, kter\u00e9 je spojuj\u00ed s r\u016fzn\u00fdmi kulturami.<\/p>\n\n\n\n<h2 itemprop=\"alternateName\" class=\"wp-block-heading\">Revitalizace historick\u00fdch pam\u00e1tek: Nov\u00e1 role maj\u00e1ku<\/h2>\n\n\n\n<p>P\u0159ejdeme-li k okouzluj\u00edc\u00edmu maj\u00e1ku Patara, kter\u00fd byl obnoven jako symbol historie. P\u016fvodn\u011b postaven\u00fd \u0159\u00edmsk\u00fdm c\u00edsa\u0159em Nerem, maj\u00e1k ned\u00e1vno pro\u0161el pe\u010dlivou obnovou a je p\u0159ipraven st\u00e1t se sou\u010d\u00e1st\u00ed iniciativy no\u010dn\u00edho muzea tureck\u00e9ho ministerstva kultury a cestovn\u00edho ruchu. Jakmile se snese noc, maj\u00e1k bude slou\u017eit jako okouzluj\u00edc\u00ed atrakce pod hv\u011bzdami a zve n\u00e1v\u0161t\u011bvn\u00edky, aby se spojili s d\u00e1vnou n\u00e1mo\u0159n\u00ed histori\u00ed regionu.<\/p>\n\n\n\n<p>Dopady takov\u00fdchto obnov jsou v\u00fdznamn\u00e9 pro kulturn\u00ed turistiku; historick\u00e1 m\u00edsta nejen obohacuj\u00ed z\u00e1\u017eitky n\u00e1v\u0161t\u011bvn\u00edk\u016f, ale tak\u00e9 podporuj\u00ed no\u010dn\u00ed turistiku v st\u00e1le \u017eiv\u011bj\u0161\u00edm sektoru. Kdy\u017e cestovatel\u00e9 doraz\u00ed na leti\u0161t\u011b v Istanbulu, l\u00e1kadlo n\u00e1v\u0161t\u011bvy historick\u00fdch pam\u00e1tek, jako je Patara, se st\u00e1v\u00e1 l\u00e1kavou sou\u010d\u00e1st\u00ed tureck\u00e9 turistiky a slibuje nezapomenutelnou cestu.<\/p>\n\n\n\n<h2 itemprop=\"alternateName\" class=\"wp-block-heading\">Roz\u0161i\u0159ov\u00e1n\u00ed kulturn\u00edho turismu: Iniciativa Noc muze\u00ed<\/h2>\n\n\n\n<p>Tureck\u00e1 iniciativa roz\u0161\u00ed\u0159it p\u0159\u00edstup ke kulturn\u00edm z\u00e1\u017eitk\u016fm prost\u0159ednictv\u00edm programu No\u010dn\u00ed muzea, kter\u00fd za\u010d\u00edn\u00e1 1. \u010dervna, bude m\u00edt z\u00e1sadn\u00ed vliv na cestovn\u00ed ruch. N\u00e1v\u0161t\u011bvn\u00edci se budou moci t\u011b\u0161it z prodlou\u017een\u00e9 otev\u00edrac\u00ed doby v muze\u00edch a archeologick\u00fdch lokalit\u00e1ch, co\u017e v\u00fdrazn\u011b zlep\u0161\u00ed jejich cestovatelsk\u00fd z\u00e1\u017eitek.<\/p>\n\n\n\n<p>Nap\u0159\u00edklad proslul\u00e9 pam\u00e1tky v Istanbulu, v\u010detn\u011b Galatsk\u00e9 v\u011b\u017ee a r\u016fzn\u00fdch archeologick\u00fdch muze\u00ed, otev\u0159ou sv\u00e9 br\u00e1ny pozd\u011bji, aby se p\u0159izp\u016fsobily zv\u011bdav\u00fdm cestovatel\u016fm tou\u017e\u00edc\u00edm prozkoumat tureck\u00e9 kulturn\u00ed poklady po z\u00e1padu slunce. Tato iniciativa se kr\u00e1sn\u011b shoduje s rol\u00ed istanbulsk\u00e9ho mezin\u00e1rodn\u00edho leti\u0161t\u011b jako hlavn\u00ed br\u00e1ny, kde se cestuj\u00edc\u00ed mohou p\u0159\u00edmo zapojit do tureck\u00e9 historie a kultury i mimo b\u011b\u017en\u00e9 denn\u00ed hodiny.<\/p>\n\n\n\n<ul class=\"wp-block-list\">\n<li>\n<p>N\u00e1sleduj\u00edc\u00ed pobo\u010dky budou m\u00edt prodlou\u017eenou otev\u00edrac\u00ed dobu:<\/p>\n\n\n\n<ul class=\"wp-block-list\">\n<li>Galata Tower je otev\u0159ena do 23:00.<\/li>\n\n\n\n<li>Istanbulsk\u00e1 archeologick\u00e1 muzea otev\u0159ena do 22:00<\/li>\n\n\n\n<li>Chr\u00e1m Hagia Sophia, otev\u0159eno do 22:00.<\/li>\n\n\n\n<li>Archeologick\u00e9 nalezi\u0161t\u011b na ho\u0159e Nemrut, osv\u011btlen\u00e9 pro no\u010dn\u00ed n\u00e1v\u0161t\u011bvy.<\/li>\n<\/ul>\n<\/li>\n<\/ul>\n\n\n\n<h2 itemprop=\"alternateName\" class=\"wp-block-heading\">Posilov\u00e1n\u00ed kulturn\u00edch vazeb v zahrani\u010d\u00ed<\/h2>\n\n\n\n<p>Ned\u00e1vno oslavila Tureck\u00e1 p\u0159ehl\u00eddka v New Yorku sv\u00e9 42. v\u00fdro\u010d\u00ed a prezentovala tureckou kulturu a z\u00e1rove\u0148 posilovala vazby v r\u00e1mci turecko-americk\u00e9 komunity. Kulturn\u00ed akce jako tato hraj\u00ed z\u00e1sadn\u00ed roli p\u0159i zlep\u0161ov\u00e1n\u00ed obrazu Turecka a podpo\u0159e cestovn\u00edho ruchu, proto\u017ee zd\u016fraz\u0148uj\u00ed bohatstv\u00ed tureck\u00e9ho d\u011bdictv\u00ed v zahrani\u010d\u00ed.<\/p>\n\n\n\n<p>\u017div\u00e1 atmosf\u00e9ra pr\u016fvodu, kter\u00e1 zahrnuje hudbu, tane\u010dn\u00ed vystoupen\u00ed a v\u00fdstavy tradi\u010dn\u00edch um\u011bn\u00ed, rezonuje s potenci\u00e1ln\u00edmi turisty, kte\u0159\u00ed by mohli proj\u00ed\u017ed\u011bt istanbulsk\u00fdm leti\u0161t\u011bm na cest\u011b za pozn\u00e1n\u00edm tureck\u00e9 \u017eiv\u00e9 kultury a historie. Propojenost t\u011bchto ud\u00e1lost\u00ed zd\u016fraz\u0148uje, jak kulturn\u00ed iniciativy mohou stimulovat jak z\u00e1jem, tak n\u00e1v\u0161t\u011bvnost.<\/p>\n\n\n\n<h2 itemprop=\"alternateName\" class=\"wp-block-heading\">V\u00fdznam kultury v rozhodov\u00e1n\u00ed o cestov\u00e1n\u00ed<\/h2>\n\n\n\n<p>S t\u00edm, jak se cestovatel\u00e9 orientuj\u00ed ve sv\u00fdch mo\u017enostech, hraje st\u00e1le v\u00fdznamn\u011bj\u0161\u00ed roli rostouc\u00ed d\u016fraz na kulturn\u00ed turistiku a z\u00e1\u017eitkov\u00e9 cestov\u00e1n\u00ed. Spole\u010dn\u00e9 \u00fasil\u00ed mezi m\u00edstn\u00edmi a mezin\u00e1rodn\u00edmi komunitami slou\u017e\u00ed k tomu, aby inspirovalo cestovatele nejen k n\u00e1v\u0161t\u011bv\u011b Turecka, ale i k pln\u00e9mu pono\u0159en\u00ed se do jeho rozmanit\u00e9 kulturn\u00ed nab\u00eddky.<\/p>\n\n\n\n<p>Vylep\u0161en\u00ed na istanbulsk\u00e9m leti\u0161ti a r\u016fzn\u00e9 turistick\u00e9 iniciativy po cel\u00e9m Turecku znamenaj\u00ed \u0161ir\u0161\u00ed posun sm\u011brem k uzn\u00e1v\u00e1n\u00ed a oce\u0148ov\u00e1n\u00ed kulturn\u00edch z\u00e1\u017eitk\u016f. Lid\u00e9 si zapamatuj\u00ed nejen m\u00edsta, kter\u00e1 nav\u0161t\u00edvili, ale i vazby, kter\u00e9 nav\u00e1zali, a\u0165 u\u017e prost\u0159ednictv\u00edm ud\u00e1lost\u00ed, m\u00edstn\u00edch zvyk\u016f nebo historick\u00fdch pam\u00e1tek.<\/p>\n\n\n\n<h3 itemprop=\"alternateName\" class=\"wp-block-heading\">Z\u00e1v\u011br: Sv\u011btl\u00e1 budoucnost pro tureck\u00fd turismus<\/h3>\n\n\n\n<p>Jak se tureck\u00e1 turistika neust\u00e1le vyv\u00edj\u00ed, iniciativy podporuj\u00edc\u00ed inkluzivitu, mezin\u00e1rodn\u00ed spolupr\u00e1ci a obohacen\u00e9 kulturn\u00ed z\u00e1\u017eitky signalizuj\u00ed slibnou budoucnost. N\u00e1v\u0161t\u011bvn\u00edci p\u0159ij\u00ed\u017ed\u011bj\u00edc\u00ed p\u0159es istanbulsk\u00e9 leti\u0161t\u011b naleznou zemi bohatou na historii a kulturu, p\u0159ipravenou k prozkoum\u00e1n\u00ed.<\/p>\n\n\n\n<p>Shrnut\u00edm, prob\u00edhaj\u00edc\u00ed \u00fasil\u00ed ve Fethiye, obnova maj\u00e1ku Patara a roz\u0161\u00ed\u0159en\u00ed No\u010dn\u00edch muze\u00ed vytv\u00e1\u0159ej\u00ed pro cestovatele p\u0159\u00edjemn\u00e9 prost\u0159ed\u00ed. Tyto ud\u00e1losti zd\u016fraz\u0148uj\u00ed odhodl\u00e1n\u00ed Turecka podporovat cestovn\u00ed ruch, kter\u00fd nen\u00ed jen o nav\u0161t\u011bvov\u00e1n\u00ed m\u00edst, ale o vytv\u00e1\u0159en\u00ed trval\u00fdch vzpom\u00ednek a z\u00e1\u017eitk\u016f. Prozkoum\u00e1v\u00e1n\u00ed Turecka je dobrodru\u017estv\u00ed, kter\u00e9 slibuje, \u017ee bude obohacuj\u00edc\u00ed i nezapomenuteln\u00e9.<\/p>\n\n\n\n<p>M\u011bjme o\u010di otev\u0159en\u00e9 pro budouc\u00ed aktualizace, proto\u017ee tureck\u00e9 letectv\u00ed a cestovn\u00ed ruch nad\u00e1le stoupaj\u00ed, p\u0159izp\u016fsobuj\u00ed se a zlep\u0161uj\u00ed z\u00e1\u017eitky nab\u00edzen\u00e9 cestovatel\u016fm ze v\u0161ech oblast\u00ed \u017eivota, \u010d\u00edm\u017e se Istanbul st\u00e1v\u00e1 ru\u0161nou branou k objevov\u00e1n\u00ed.<\/p>","protected":false},"excerpt":{"rendered":"<p>In recent times, a significant effort has emerged in Turkey to promote inclusivity and accessibility, especially regarding tourism.<\/p>","protected":false},"author":2,"featured_media":3028,"comment_status":"closed","ping_status":"closed","sticky":false,"template":"","format":"standard","meta":{"_acf_changed":false,"fifu_image_url":"","fifu_image_alt":"","footnotes":""},"categories":[33],"tags":[],"class_list":["post-3008","post","type-post","status-publish","format-standard","has-post-thumbnail","hentry","category-news"],"acf":[],"yoast_head":"<!-- This site is optimized with the Yoast SEO plugin v27.5 - https:\/\/yoast.com\/product\/yoast-seo-wordpress\/ -->\n<title>Enhancing Tourism and Cultural Experiences in Turkey<\/title>\n<meta name=\"description\" content=\"Explore the latest updates on cultural events and tourism initiatives that impact Turkey, optimizing the journey through Istanbul Airport.\" \/>\n<meta name=\"robots\" content=\"index, follow, max-snippet:-1, max-image-preview:large, max-video-preview:-1\" \/>\n<link rel=\"canonical\" href=\"https:\/\/istanbul-ist-international-airport.com\/cs\/blog\/exploring-local-initiatives-tourism\/\" \/>\n<meta property=\"og:locale\" content=\"cs_CZ\" \/>\n<meta property=\"og:type\" content=\"article\" \/>\n<meta property=\"og:title\" content=\"Enhancing Tourism and Cultural Experiences in Turkey\" \/>\n<meta property=\"og:description\" content=\"Explore the latest updates on cultural events and tourism initiatives that impact Turkey, optimizing the journey through Istanbul Airport.\" \/>\n<meta property=\"og:url\" content=\"https:\/\/istanbul-ist-international-airport.com\/cs\/blog\/exploring-local-initiatives-tourism\/\" \/>\n<meta property=\"og:site_name\" content=\"Istanbul International Airport (IST) - Turkey&#039;s new airport\" \/>\n<meta property=\"article:published_time\" content=\"2025-05-20T08:29:23+00:00\" \/>\n<meta property=\"og:image\" content=\"https:\/\/istanbul-ist-international-airport.com\/wp-content\/uploads\/2025\/05\/thumbs_b_c_a310f65fcd118c83c28f793d1b7fd6c7_1747232559_oblm0k.jpg-e1747460105289.webp\" \/>\n\t<meta property=\"og:image:width\" content=\"1024\" \/>\n\t<meta property=\"og:image:height\" content=\"576\" \/>\n\t<meta property=\"og:image:type\" content=\"image\/webp\" \/>\n<meta name=\"author\" content=\"anastasia_maisuradze\" \/>\n<meta name=\"twitter:card\" content=\"summary_large_image\" \/>\n<meta name=\"twitter:label1\" content=\"Napsal(a)\" \/>\n\t<meta name=\"twitter:data1\" content=\"anastasia_maisuradze\" \/>\n\t<meta name=\"twitter:label2\" content=\"Odhadovan\u00e1 doba \u010dten\u00ed\" \/>\n\t<meta name=\"twitter:data2\" content=\"4 minuty\" \/>\n<script type=\"application\/ld+json\" class=\"yoast-schema-graph\">{\"@context\":\"https:\\\/\\\/schema.org\",\"@graph\":[{\"@type\":\"Article\",\"@id\":\"https:\\\/\\\/istanbul-ist-international-airport.com\\\/cs\\\/blog\\\/exploring-local-initiatives-tourism\\\/#article\",\"isPartOf\":{\"@id\":\"https:\\\/\\\/istanbul-ist-international-airport.com\\\/cs\\\/blog\\\/exploring-local-initiatives-tourism\\\/\"},\"author\":{\"name\":\"anastasia_maisuradze\",\"@id\":\"https:\\\/\\\/istanbul-ist-international-airport.com\\\/cs\\\/#\\\/schema\\\/person\\\/71ece384d901a99eb7f9197b612d8a26\"},\"headline\":\"Recent Developments in Turkish Tourism and Cultural Initiatives\",\"datePublished\":\"2025-05-20T08:29:23+00:00\",\"mainEntityOfPage\":{\"@id\":\"https:\\\/\\\/istanbul-ist-international-airport.com\\\/cs\\\/blog\\\/exploring-local-initiatives-tourism\\\/\"},\"wordCount\":886,\"image\":{\"@id\":\"https:\\\/\\\/istanbul-ist-international-airport.com\\\/cs\\\/blog\\\/exploring-local-initiatives-tourism\\\/#primaryimage\"},\"thumbnailUrl\":\"https:\\\/\\\/istanbul-ist-international-airport.com\\\/wp-content\\\/uploads\\\/2025\\\/05\\\/thumbs_b_c_a310f65fcd118c83c28f793d1b7fd6c7_1747232559_oblm0k.jpg-e1747460105289.webp\",\"articleSection\":[\"News\"],\"inLanguage\":\"cs\"},{\"@type\":\"WebPage\",\"@id\":\"https:\\\/\\\/istanbul-ist-international-airport.com\\\/cs\\\/blog\\\/exploring-local-initiatives-tourism\\\/\",\"url\":\"https:\\\/\\\/istanbul-ist-international-airport.com\\\/cs\\\/blog\\\/exploring-local-initiatives-tourism\\\/\",\"name\":\"Enhancing Tourism and Cultural Experiences in Turkey\",\"isPartOf\":{\"@id\":\"https:\\\/\\\/istanbul-ist-international-airport.com\\\/cs\\\/#website\"},\"primaryImageOfPage\":{\"@id\":\"https:\\\/\\\/istanbul-ist-international-airport.com\\\/cs\\\/blog\\\/exploring-local-initiatives-tourism\\\/#primaryimage\"},\"image\":{\"@id\":\"https:\\\/\\\/istanbul-ist-international-airport.com\\\/cs\\\/blog\\\/exploring-local-initiatives-tourism\\\/#primaryimage\"},\"thumbnailUrl\":\"https:\\\/\\\/istanbul-ist-international-airport.com\\\/wp-content\\\/uploads\\\/2025\\\/05\\\/thumbs_b_c_a310f65fcd118c83c28f793d1b7fd6c7_1747232559_oblm0k.jpg-e1747460105289.webp\",\"datePublished\":\"2025-05-20T08:29:23+00:00\",\"author\":{\"@id\":\"https:\\\/\\\/istanbul-ist-international-airport.com\\\/cs\\\/#\\\/schema\\\/person\\\/71ece384d901a99eb7f9197b612d8a26\"},\"description\":\"Explore the latest updates on cultural events and tourism initiatives that impact Turkey, optimizing the journey through Istanbul Airport.\",\"breadcrumb\":{\"@id\":\"https:\\\/\\\/istanbul-ist-international-airport.com\\\/cs\\\/blog\\\/exploring-local-initiatives-tourism\\\/#breadcrumb\"},\"inLanguage\":\"cs\",\"potentialAction\":[{\"@type\":\"ReadAction\",\"target\":[\"https:\\\/\\\/istanbul-ist-international-airport.com\\\/cs\\\/blog\\\/exploring-local-initiatives-tourism\\\/\"]}]},{\"@type\":\"ImageObject\",\"inLanguage\":\"cs\",\"@id\":\"https:\\\/\\\/istanbul-ist-international-airport.com\\\/cs\\\/blog\\\/exploring-local-initiatives-tourism\\\/#primaryimage\",\"url\":\"https:\\\/\\\/istanbul-ist-international-airport.com\\\/wp-content\\\/uploads\\\/2025\\\/05\\\/thumbs_b_c_a310f65fcd118c83c28f793d1b7fd6c7_1747232559_oblm0k.jpg-e1747460105289.webp\",\"contentUrl\":\"https:\\\/\\\/istanbul-ist-international-airport.com\\\/wp-content\\\/uploads\\\/2025\\\/05\\\/thumbs_b_c_a310f65fcd118c83c28f793d1b7fd6c7_1747232559_oblm0k.jpg-e1747460105289.webp\",\"width\":1024,\"height\":576},{\"@type\":\"BreadcrumbList\",\"@id\":\"https:\\\/\\\/istanbul-ist-international-airport.com\\\/cs\\\/blog\\\/exploring-local-initiatives-tourism\\\/#breadcrumb\",\"itemListElement\":[{\"@type\":\"ListItem\",\"position\":1,\"name\":\"Home\",\"item\":\"https:\\\/\\\/istanbul-ist-international-airport.com\\\/\"},{\"@type\":\"ListItem\",\"position\":2,\"name\":\"Travel Guide\",\"item\":\"https:\\\/\\\/istanbul-ist-international-airport.com\\\/cs\\\/blog\\\/\"},{\"@type\":\"ListItem\",\"position\":3,\"name\":\"Recent Developments in Turkish Tourism and Cultural Initiatives\"}]},{\"@type\":\"WebSite\",\"@id\":\"https:\\\/\\\/istanbul-ist-international-airport.com\\\/cs\\\/#website\",\"url\":\"https:\\\/\\\/istanbul-ist-international-airport.com\\\/cs\\\/\",\"name\":\"Istanbul International Airport (IST) - Turkey&#039;s new airport\",\"description\":\"Navigating Istanbul International Airport: A Traveler\u2019s Guide.\",\"potentialAction\":[{\"@type\":\"SearchAction\",\"target\":{\"@type\":\"EntryPoint\",\"urlTemplate\":\"https:\\\/\\\/istanbul-ist-international-airport.com\\\/cs\\\/?s={search_term_string}\"},\"query-input\":{\"@type\":\"PropertyValueSpecification\",\"valueRequired\":true,\"valueName\":\"search_term_string\"}}],\"inLanguage\":\"cs\"},{\"@type\":\"Person\",\"@id\":\"https:\\\/\\\/istanbul-ist-international-airport.com\\\/cs\\\/#\\\/schema\\\/person\\\/71ece384d901a99eb7f9197b612d8a26\",\"name\":\"anastasia_maisuradze\",\"url\":\"https:\\\/\\\/istanbul-ist-international-airport.com\\\/cs\\\/author\\\/anastasia_maisuradze\\\/\"}]}<\/script>\n<!-- \/ Yoast SEO plugin. -->","yoast_head_json":{"title":"Pos\u00edlen\u00ed cestovn\u00edho ruchu a kulturn\u00edch z\u00e1\u017eitk\u016f v Turecku","description":"Prozkoumejte nejnov\u011bj\u0161\u00ed aktualizace o kulturn\u00edch ud\u00e1lostech a turistick\u00fdch iniciativ\u00e1ch, kter\u00e9 maj\u00ed dopad na Turecko, a optimalizujte cestu p\u0159es Istanbulsk\u00e9 leti\u0161t\u011b.","robots":{"index":"index","follow":"follow","max-snippet":"max-snippet:-1","max-image-preview":"max-image-preview:large","max-video-preview":"max-video-preview:-1"},"canonical":"https:\/\/istanbul-ist-international-airport.com\/cs\/blog\/exploring-local-initiatives-tourism\/","og_locale":"cs_CZ","og_type":"article","og_title":"Enhancing Tourism and Cultural Experiences in Turkey","og_description":"Explore the latest updates on cultural events and tourism initiatives that impact Turkey, optimizing the journey through Istanbul Airport.","og_url":"https:\/\/istanbul-ist-international-airport.com\/cs\/blog\/exploring-local-initiatives-tourism\/","og_site_name":"Istanbul International Airport (IST) - Turkey&#039;s new airport","article_published_time":"2025-05-20T08:29:23+00:00","og_image":[{"width":1024,"height":576,"url":"https:\/\/istanbul-ist-international-airport.com\/wp-content\/uploads\/2025\/05\/thumbs_b_c_a310f65fcd118c83c28f793d1b7fd6c7_1747232559_oblm0k.jpg-e1747460105289.webp","type":"image\/webp"}],"author":"anastasia_maisuradze","twitter_card":"summary_large_image","twitter_misc":{"Napsal(a)":"anastasia_maisuradze","Odhadovan\u00e1 doba \u010dten\u00ed":"4 minuty"},"schema":{"@context":"https:\/\/schema.org","@graph":[{"@type":"Article","@id":"https:\/\/istanbul-ist-international-airport.com\/cs\/blog\/exploring-local-initiatives-tourism\/#article","isPartOf":{"@id":"https:\/\/istanbul-ist-international-airport.com\/cs\/blog\/exploring-local-initiatives-tourism\/"},"author":{"name":"anastasia_maisuradze","@id":"https:\/\/istanbul-ist-international-airport.com\/cs\/#\/schema\/person\/71ece384d901a99eb7f9197b612d8a26"},"headline":"Recent Developments in Turkish Tourism and Cultural Initiatives","datePublished":"2025-05-20T08:29:23+00:00","mainEntityOfPage":{"@id":"https:\/\/istanbul-ist-international-airport.com\/cs\/blog\/exploring-local-initiatives-tourism\/"},"wordCount":886,"image":{"@id":"https:\/\/istanbul-ist-international-airport.com\/cs\/blog\/exploring-local-initiatives-tourism\/#primaryimage"},"thumbnailUrl":"https:\/\/istanbul-ist-international-airport.com\/wp-content\/uploads\/2025\/05\/thumbs_b_c_a310f65fcd118c83c28f793d1b7fd6c7_1747232559_oblm0k.jpg-e1747460105289.webp","articleSection":["News"],"inLanguage":"cs"},{"@type":"WebPage","@id":"https:\/\/istanbul-ist-international-airport.com\/cs\/blog\/exploring-local-initiatives-tourism\/","url":"https:\/\/istanbul-ist-international-airport.com\/cs\/blog\/exploring-local-initiatives-tourism\/","name":"Pos\u00edlen\u00ed cestovn\u00edho ruchu a kulturn\u00edch z\u00e1\u017eitk\u016f v Turecku","isPartOf":{"@id":"https:\/\/istanbul-ist-international-airport.com\/cs\/#website"},"primaryImageOfPage":{"@id":"https:\/\/istanbul-ist-international-airport.com\/cs\/blog\/exploring-local-initiatives-tourism\/#primaryimage"},"image":{"@id":"https:\/\/istanbul-ist-international-airport.com\/cs\/blog\/exploring-local-initiatives-tourism\/#primaryimage"},"thumbnailUrl":"https:\/\/istanbul-ist-international-airport.com\/wp-content\/uploads\/2025\/05\/thumbs_b_c_a310f65fcd118c83c28f793d1b7fd6c7_1747232559_oblm0k.jpg-e1747460105289.webp","datePublished":"2025-05-20T08:29:23+00:00","author":{"@id":"https:\/\/istanbul-ist-international-airport.com\/cs\/#\/schema\/person\/71ece384d901a99eb7f9197b612d8a26"},"description":"Prozkoumejte nejnov\u011bj\u0161\u00ed aktualizace o kulturn\u00edch ud\u00e1lostech a turistick\u00fdch iniciativ\u00e1ch, kter\u00e9 maj\u00ed dopad na Turecko, a optimalizujte cestu p\u0159es Istanbulsk\u00e9 leti\u0161t\u011b.","breadcrumb":{"@id":"https:\/\/istanbul-ist-international-airport.com\/cs\/blog\/exploring-local-initiatives-tourism\/#breadcrumb"},"inLanguage":"cs","potentialAction":[{"@type":"ReadAction","target":["https:\/\/istanbul-ist-international-airport.com\/cs\/blog\/exploring-local-initiatives-tourism\/"]}]},{"@type":"ImageObject","inLanguage":"cs","@id":"https:\/\/istanbul-ist-international-airport.com\/cs\/blog\/exploring-local-initiatives-tourism\/#primaryimage","url":"https:\/\/istanbul-ist-international-airport.com\/wp-content\/uploads\/2025\/05\/thumbs_b_c_a310f65fcd118c83c28f793d1b7fd6c7_1747232559_oblm0k.jpg-e1747460105289.webp","contentUrl":"https:\/\/istanbul-ist-international-airport.com\/wp-content\/uploads\/2025\/05\/thumbs_b_c_a310f65fcd118c83c28f793d1b7fd6c7_1747232559_oblm0k.jpg-e1747460105289.webp","width":1024,"height":576},{"@type":"BreadcrumbList","@id":"https:\/\/istanbul-ist-international-airport.com\/cs\/blog\/exploring-local-initiatives-tourism\/#breadcrumb","itemListElement":[{"@type":"ListItem","position":1,"name":"Home","item":"https:\/\/istanbul-ist-international-airport.com\/"},{"@type":"ListItem","position":2,"name":"Travel Guide","item":"https:\/\/istanbul-ist-international-airport.com\/cs\/blog\/"},{"@type":"ListItem","position":3,"name":"Recent Developments in Turkish Tourism and Cultural Initiatives"}]},{"@type":"WebSite","@id":"https:\/\/istanbul-ist-international-airport.com\/cs\/#website","url":"https:\/\/istanbul-ist-international-airport.com\/cs\/","name":"Istanbul International Airport (IST) - Turkey&#039;s new airport","description":"Navigating Istanbul International Airport: A Traveler\u2019s Guide.","potentialAction":[{"@type":"SearchAction","target":{"@type":"EntryPoint","urlTemplate":"https:\/\/istanbul-ist-international-airport.com\/cs\/?s={search_term_string}"},"query-input":{"@type":"PropertyValueSpecification","valueRequired":true,"valueName":"search_term_string"}}],"inLanguage":"cs"},{"@type":"Person","@id":"https:\/\/istanbul-ist-international-airport.com\/cs\/#\/schema\/person\/71ece384d901a99eb7f9197b612d8a26","name":"anastasia_maisuradze","url":"https:\/\/istanbul-ist-international-airport.com\/cs\/author\/anastasia_maisuradze\/"}]}},"views":190,"_links":{"self":[{"href":"https:\/\/istanbul-ist-international-airport.com\/cs\/wp-json\/wp\/v2\/posts\/3008","targetHints":{"allow":["GET"]}}],"collection":[{"href":"https:\/\/istanbul-ist-international-airport.com\/cs\/wp-json\/wp\/v2\/posts"}],"about":[{"href":"https:\/\/istanbul-ist-international-airport.com\/cs\/wp-json\/wp\/v2\/types\/post"}],"author":[{"embeddable":true,"href":"https:\/\/istanbul-ist-international-airport.com\/cs\/wp-json\/wp\/v2\/users\/2"}],"replies":[{"embeddable":true,"href":"https:\/\/istanbul-ist-international-airport.com\/cs\/wp-json\/wp\/v2\/comments?post=3008"}],"version-history":[{"count":0,"href":"https:\/\/istanbul-ist-international-airport.com\/cs\/wp-json\/wp\/v2\/posts\/3008\/revisions"}],"wp:featuredmedia":[{"embeddable":true,"href":"https:\/\/istanbul-ist-international-airport.com\/cs\/wp-json\/wp\/v2\/media\/3028"}],"wp:attachment":[{"href":"https:\/\/istanbul-ist-international-airport.com\/cs\/wp-json\/wp\/v2\/media?parent=3008"}],"wp:term":[{"taxonomy":"category","embeddable":true,"href":"https:\/\/istanbul-ist-international-airport.com\/cs\/wp-json\/wp\/v2\/categories?post=3008"},{"taxonomy":"post_tag","embeddable":true,"href":"https:\/\/istanbul-ist-international-airport.com\/cs\/wp-json\/wp\/v2\/tags?post=3008"}],"curies":[{"name":"wp","href":"https:\/\/api.w.org\/{rel}","templated":true}]}}