{"id":3009,"date":"2025-05-20T08:30:50","date_gmt":"2025-05-20T08:30:50","guid":{"rendered":"http:\/\/147.182.243.37\/?p=3009"},"modified":"2025-05-20T08:30:50","modified_gmt":"2025-05-20T08:30:50","slug":"significance-of-may-19-turkey-celebration","status":"publish","type":"post","link":"https:\/\/istanbul-ist-international-airport.com\/cs\/blog\/significance-of-may-19-turkey-celebration\/","title":{"rendered":"\u00davahy o odkazu Atat\u00fcrka: Oslavy Dne ml\u00e1de\u017ee a sportu v Istanbulu"},"content":{"rendered":"<h2 itemprop=\"alternateName\" class=\"wp-block-heading\">V\u00fdznam 19. kv\u011btna v Turecku<\/h2>\n\n\n\n<p>Ka\u017ed\u00fd rok se ture\u010dt\u00ed ob\u010dan\u00e9 sch\u00e1zej\u00ed 19. kv\u011btna, aby oslavili <strong>Pam\u00e1tn\u00edk Atat\u00fcrka, Den ml\u00e1de\u017ee a sportu<\/strong>. Tento den ozna\u010duje kl\u00ed\u010dov\u00fd okam\u017eik v historii Turecka \u2013 vylod\u011bn\u00ed Mustafy Kemala, obecn\u011b zn\u00e1m\u00e9ho jako Atat\u00fcrk, v Samsunu v roce 1919, kter\u00e9 je pova\u017eov\u00e1no za za\u010d\u00e1tek <strong>Tureck\u00e1 v\u00e1lka za nez\u00e1vislost<\/strong>.<\/p>\n\n\n\n<h3 itemprop=\"alternateName\" class=\"wp-block-heading\">Vliv Mustafy Kemala<\/h3>\n\n\n\n<p>Atat\u00fcrkovo spojen\u00ed s 19. kv\u011btnem p\u0159esahuje pouh\u00e9 historick\u00e9 vylod\u011bn\u00ed. A\u010dkoli jeho p\u0159esn\u00e9 datum narozen\u00ed z\u016fst\u00e1v\u00e1 nejist\u00e9, on s\u00e1m ozna\u010doval toto datum za takov\u00e9, symbolizuj\u00edc\u00ed nejen boj za svobodu, ale tak\u00e9 roli ml\u00e1de\u017ee p\u0159i utv\u00e1\u0159en\u00ed modern\u00edho Turecka. Tato oslava sm\u00edsila n\u00e1rodn\u00ed hrdost s kulturn\u00edm d\u016frazem na ml\u00e1de\u017e a sport a stala se charakteristick\u00fdm znakem tureck\u00e9 spole\u010dnosti.<\/p>\n\n\n\n<h3 itemprop=\"alternateName\" class=\"wp-block-heading\">Historick\u00fd v\u00fdvoj sv\u00e1tku<\/h3>\n\n\n\n<p>Po v\u00e1lce za nez\u00e1vislost se v\u00fdznam 19. kv\u011btna jako sv\u00e1tku utv\u00e1\u0159el v roce 1936. Atat\u00fcrk navrhl, aby se tento den zam\u011b\u0159oval p\u0159edev\u0161\u00edm na ml\u00e1de\u017e, co\u017e vedlo k jeho ofici\u00e1ln\u00edmu uzn\u00e1n\u00ed jako st\u00e1tn\u00edho sv\u00e1tku v roce 1938. N\u00e1zev se vyvinul na <strong>Den pam\u00e1tky Atat\u00fcrka, Den ml\u00e1de\u017ee a sportu<\/strong> v roce 1981 \u2013 co\u017e byla vhodn\u00e1 pocta odkazu zakladatele Turecka, kdy\u017e n\u00e1rod slavil jeho 100. narozeniny.<\/p>\n\n\n\n<h3 itemprop=\"alternateName\" class=\"wp-block-heading\">Oslavy po cel\u00e9 zemi<\/h3>\n\n\n\n<p>V cel\u00e9m Turecku je tento den poznamen\u00e1n st\u00e1tn\u00edmi ob\u0159ady a r\u016fzn\u00fdmi akcemi, kter\u00e9 oslavuj\u00ed ml\u00e1de\u017e. Mlad\u00ed lid\u00e9 se v\u011bnuj\u00ed recitov\u00e1n\u00ed b\u00e1sn\u00ed, zp\u00edv\u00e1n\u00ed st\u00e1tn\u00ed hymny a \u00fa\u010dastn\u00ed se pr\u016fvod\u016f. Kulturn\u00ed akce, jako jsou tance a divadeln\u00ed hry, d\u00e1le posiluj\u00ed sv\u00e1te\u010dn\u00ed atmosf\u00e9ru. Zvl\u00e1\u0161t\u011b pozoruhodn\u00e1 je tradice, kdy mlad\u00ed sportovci nesou tureckou vlajku z r\u016fzn\u00fdch \u010dernomo\u0159sk\u00fdch p\u0159\u00edstav\u016f p\u0159\u00edmo do Ankary, co\u017e symbolizuje ducha odolnosti a jednoty.<\/p>\n\n\n\n<h4 class=\"wp-block-heading\">Dopady na n\u00e1rodn\u00ed identitu Turecka<\/h4>\n\n\n\n<p>Slaven\u00ed tohoto sv\u00e1tku slou\u017e\u00ed nejen k p\u0159ipomenut\u00ed minulosti, ale tak\u00e9 k p\u011bstov\u00e1n\u00ed kolektivn\u00ed identity mezi ml\u00e1de\u017e\u00ed. B\u011bhem t\u011bchto oslav je zd\u016fraz\u0148ov\u00e1n v\u00fdznam sportu a t\u011blesn\u00e9 aktivity, co\u017e odr\u00e1\u017e\u00ed Atat\u00fcrkovu vizi zdrav\u00e9ho a vit\u00e1ln\u00edho obyvatelstva. Jeho d\u016fraz na sport v\u0161t\u00edpil pocit kamar\u00e1dstv\u00ed a n\u00e1rodn\u00ed hrdosti, kter\u00fd je d\u00e1le pos\u00edlen rozs\u00e1hl\u00fdmi atletick\u00fdmi programy, kter\u00e9 jsou k dispozici ml\u00e1de\u017ei po cel\u00e9 zemi.<\/p>\n\n\n\n<h2 itemprop=\"alternateName\" class=\"wp-block-heading\">Role ml\u00e1de\u017ee v modern\u00edm Turecku<\/h2>\n\n\n\n<p>V tento den jsou mlad\u00ed lid\u00e9 povzbuzov\u00e1ni, aby se zamysleli nad sv\u00fdmi p\u0159\u00edsp\u011bvky modern\u00ed spole\u010dnosti. \u0160koly, vl\u00e1dn\u00ed \u00fa\u0159ady a mnoho podnik\u016f zav\u00edr\u00e1, aby se rodiny mohly p\u0159ipojit k oslav\u00e1m. Tato ka\u017edoro\u010dn\u00ed pauza v aktivit\u00e1ch zd\u016fraz\u0148uje d\u016fle\u017eitost jednoty p\u0159i budov\u00e1n\u00ed lep\u0161\u00ed budoucnosti.<\/p>\n\n\n\n<h3 itemprop=\"alternateName\" class=\"wp-block-heading\">St\u00e1tn\u00ed sv\u00e1tek s \u0161irokou \u00fa\u010dast\u00ed<\/h3>\n\n\n\n<p>Jako st\u00e1tn\u00ed sv\u00e1tek z\u016fst\u00e1vaj\u00ed vzd\u011bl\u00e1vac\u00ed instituce a vl\u00e1dn\u00ed budovy zav\u0159en\u00e9, co\u017e umo\u017e\u0148uje mnoha lidem \u00fa\u010dastnit se akc\u00ed p\u0159ipom\u00ednaj\u00edc\u00edch tento den. Ulice jsou \u010dasto pln\u00e9 vzru\u0161en\u00ed, kdy\u017e se lid\u00e9 sch\u00e1zej\u00ed, aby oslavovali. M\u00edstn\u00ed podniky n\u011bkdy nab\u00edzej\u00ed speci\u00e1ln\u00ed nab\u00eddky nebo akce, aby podpo\u0159ily zapojen\u00ed komunity a ducha.<\/p>\n\n\n\n<h3 itemprop=\"alternateName\" class=\"wp-block-heading\">Infrastruktura a cestov\u00e1n\u00ed: Dopad na leti\u0161t\u011b v Istanbulu<\/h3>\n\n\n\n<p>Pro cestovatele, kte\u0159\u00ed p\u0159il\u00e9taj\u00ed v t\u00e9to dob\u011b do Istanbulu, p\u0159edstavuj\u00ed oslavy jedine\u010dnou p\u0159\u00edle\u017eitost za\u017e\u00edt \u017eiv\u00fd aspekt tureck\u00e9 kultury. Istanbulsk\u00e9 leti\u0161t\u011b, uzel mezin\u00e1rodn\u00edho cestov\u00e1n\u00ed, \u010dasto zaznamen\u00e1v\u00e1 n\u00e1r\u016fst po\u010dtu cestuj\u00edc\u00edch, proto\u017ee turistick\u00e9 aktivity v pr\u016fb\u011bhu kv\u011btna vrchol\u00ed. Pochopen\u00ed tohoto sv\u00e1tku m\u016f\u017ee zlep\u0161it cestovn\u00ed pl\u00e1ny a o\u010dek\u00e1v\u00e1n\u00ed na leti\u0161ti.<\/p>\n\n\n\n<h4 class=\"wp-block-heading\">Zlep\u0161en\u00ed z\u00e1\u017eitku n\u00e1v\u0161t\u011bvn\u00edk\u016f<\/h4>\n\n\n\n<p>B\u011bhem pohybu cestuj\u00edc\u00edch ru\u0161n\u00fdm leti\u0161t\u011bm mohou b\u00fdt koordinov\u00e1ny dal\u0161\u00ed aktivity, kter\u00e9 zd\u016frazn\u00ed tuto kulturn\u00ed p\u0159ipom\u00ednkovou ud\u00e1lost. Zapojen\u00ed n\u00e1v\u0161t\u011bvn\u00edk\u016f prost\u0159ednictv\u00edm informa\u010dn\u00edch panel\u016f, kulturn\u00edch p\u0159edstaven\u00ed nebo tematick\u00fdch akc\u00ed m\u016f\u017ee poskytnout komplexn\u00ed z\u00e1\u017eitek. To nejen\u017ee prohloub\u00ed n\u00e1v\u0161t\u011bvu cestovatele, ale tak\u00e9 uk\u00e1\u017ee siln\u00fd z\u00e1vazek Turecka k jeho d\u011bdictv\u00ed.<\/p>\n\n\n\n<h2 itemprop=\"alternateName\" class=\"wp-block-heading\">V\u00fdhled do budoucna: Budoucnost tureck\u00e9ho letectv\u00ed<\/h2>\n\n\n\n<p>Oslava Atat\u00fcrka, Dne ml\u00e1de\u017ee a sportu inspiruje budouc\u00ed generace k uct\u011bn\u00ed sv\u00e9 minulosti a z\u00e1rove\u0148 k p\u0159ijet\u00ed inovac\u00ed a pokroku. Spojen\u00ed v\u00fdznamu t\u011bchto ud\u00e1lost\u00ed s \u0161ir\u0161\u00edm r\u00e1mcem tureck\u00e9ho letectv\u00ed a cestov\u00e1n\u00ed pom\u00e1h\u00e1 zd\u016fraznit, jak jsou kultura a cestovn\u00ed ruch propojeny.<\/p>\n\n\n\n<h3 itemprop=\"alternateName\" class=\"wp-block-heading\">Role cestovn\u00edho ruchu v oslav\u011b n\u00e1rodn\u00ed hrdosti<\/h3>\n\n\n\n<p>Zat\u00edmco se Turecko stav\u00ed na glob\u00e1ln\u00ed sc\u00e9n\u011b, pos\u00edleno v\u00fdznamn\u00fdm infrastrukturn\u00edm rozvojem, jako je leti\u0161t\u011b Istanbul, kulturn\u00ed sv\u00e1tky slou\u017e\u00ed dvoj\u00edmu \u00fa\u010delu \u2013 posiluj\u00ed n\u00e1rodn\u00ed hrdost a z\u00e1rove\u0148 podporuj\u00ed cestovn\u00ed ruch. Porozum\u011bn\u00ed a oslavov\u00e1n\u00ed Atat\u00fcrkova d\u011bdictv\u00ed b\u011bhem takov\u00fdch ud\u00e1lost\u00ed m\u016f\u017ee p\u0159il\u00e1kat mezin\u00e1rodn\u00ed n\u00e1v\u0161t\u011bvn\u00edky, kte\u0159\u00ed se cht\u011bj\u00ed dozv\u011bd\u011bt o bohat\u00e9 historii Turecka.<\/p>\n\n\n\n<h2 itemprop=\"alternateName\" class=\"wp-block-heading\">Z\u00e1v\u011br: Budoucnost postaven\u00e1 na tradici<\/h2>\n\n\n\n<p>Prob\u00edhaj\u00edc\u00ed oslava Atat\u00fcrka, Dne ml\u00e1de\u017ee a sportu, v sob\u011b zahrnuje podstatu modern\u00edho Turecka \u2013 kde se minulost setk\u00e1v\u00e1 s budoucnost\u00ed. Jak se zem\u011b posouv\u00e1 vp\u0159ed uprost\u0159ed glob\u00e1ln\u00edch cestovn\u00edch trend\u016f, pokra\u010duje v uct\u00edv\u00e1n\u00ed historick\u00fdch moment\u016f, kter\u00e9 formuj\u00ed jej\u00ed n\u00e1rodn\u00ed identitu. Uzn\u00e1n\u00ed ml\u00e1de\u017ee a sportu je z\u00e1vazkem ke zdrav\u00ed, jednot\u011b a pokroku, pevn\u011b vetkan\u00fdm do struktury tureck\u00e9ho zast\u0159e\u0161uj\u00edc\u00edho p\u0159\u00edb\u011bhu.<\/p>\n\n\n\n<p>S Istanbulem jako\u017eto kl\u00ed\u010dov\u00fdm uzlem na t\u00e9to cest\u011b si cestovatel\u00e9 mohou u\u017e\u00edvat bohatou tapiserii tureck\u00e9 kultury a vytv\u00e1\u0159et si vzpom\u00ednky, kter\u00e9 vydr\u017e\u00ed cel\u00fd \u017eivot. Jak se na istanbulsk\u00e9m leti\u0161ti objevuj\u00ed nov\u00e9 ud\u00e1losti a p\u0159\u00edb\u011bhy, oslavy d\u016fle\u017eit\u00fdch tradic zaji\u0161\u0165uj\u00ed, \u017ee n\u00e1v\u0161t\u011bvn\u00edci maj\u00ed v\u017edy d\u016fvod se zastavit, zamyslet se a p\u0159ijmout ducha tohoto neoby\u010dejn\u00e9ho n\u00e1roda.<\/p>\n\n\n\n<p>Stru\u010dn\u011b \u0159e\u010deno, slavnosti obklopuj\u00edc\u00ed <strong>Pam\u00e1tn\u00edk Atat\u00fcrka, Den ml\u00e1de\u017ee a sportu<\/strong> pos\u00edlit pozici Turecka v oblasti cestovn\u00edho ruchu a letectv\u00ed. Cestovatel\u00e9 by m\u011bli tyto kulturn\u00ed ud\u00e1losti sledovat, a\u017e si budou pl\u00e1novat svou p\u0159\u00ed\u0161t\u00ed cestu p\u0159es mezin\u00e1rodn\u00ed br\u00e1nu Istanbulu.<\/p>","protected":false},"excerpt":{"rendered":"<p>Each year, Turkish citizens come together on May 19 to celebrate the Commemoration of Atat\u00fcrk, Youth, and Sports Day.<\/p>","protected":false},"author":2,"featured_media":0,"comment_status":"closed","ping_status":"closed","sticky":false,"template":"","format":"standard","meta":{"_acf_changed":false,"fifu_image_url":"","fifu_image_alt":"","footnotes":""},"categories":[33],"tags":[],"class_list":["post-3009","post","type-post","status-publish","format-standard","hentry","category-news"],"acf":[],"yoast_head":"<!-- This site is optimized with the Yoast SEO plugin v27.5 - https:\/\/yoast.com\/product\/yoast-seo-wordpress\/ -->\n<title>Celebrating Youth and Sports at Istanbul Airport: A New Era<\/title>\n<meta name=\"description\" content=\"Discover how the commemoration of Atat\u00fcrk, Youth, and Sports Day impacts travel and tourism at Istanbul Airport.\" \/>\n<meta name=\"robots\" content=\"index, follow, max-snippet:-1, max-image-preview:large, max-video-preview:-1\" \/>\n<link rel=\"canonical\" href=\"https:\/\/istanbul-ist-international-airport.com\/cs\/blog\/significance-of-may-19-turkey-celebration\/\" \/>\n<meta property=\"og:locale\" content=\"cs_CZ\" \/>\n<meta property=\"og:type\" content=\"article\" \/>\n<meta property=\"og:title\" content=\"Celebrating Youth and Sports at Istanbul Airport: A New Era\" \/>\n<meta property=\"og:description\" content=\"Discover how the commemoration of Atat\u00fcrk, Youth, and Sports Day impacts travel and tourism at Istanbul Airport.\" \/>\n<meta property=\"og:url\" content=\"https:\/\/istanbul-ist-international-airport.com\/cs\/blog\/significance-of-may-19-turkey-celebration\/\" \/>\n<meta property=\"og:site_name\" content=\"Istanbul International Airport (IST) - Turkey&#039;s new airport\" \/>\n<meta property=\"article:published_time\" content=\"2025-05-20T08:30:50+00:00\" \/>\n<meta name=\"author\" content=\"anastasia_maisuradze\" \/>\n<meta name=\"twitter:card\" content=\"summary_large_image\" \/>\n<meta name=\"twitter:label1\" content=\"Napsal(a)\" \/>\n\t<meta name=\"twitter:data1\" content=\"anastasia_maisuradze\" \/>\n\t<meta name=\"twitter:label2\" content=\"Odhadovan\u00e1 doba \u010dten\u00ed\" \/>\n\t<meta name=\"twitter:data2\" content=\"4 minuty\" \/>\n<script type=\"application\/ld+json\" class=\"yoast-schema-graph\">{\"@context\":\"https:\\\/\\\/schema.org\",\"@graph\":[{\"@type\":\"Article\",\"@id\":\"https:\\\/\\\/istanbul-ist-international-airport.com\\\/cs\\\/blog\\\/significance-of-may-19-turkey-celebration\\\/#article\",\"isPartOf\":{\"@id\":\"https:\\\/\\\/istanbul-ist-international-airport.com\\\/cs\\\/blog\\\/significance-of-may-19-turkey-celebration\\\/\"},\"author\":{\"name\":\"anastasia_maisuradze\",\"@id\":\"https:\\\/\\\/istanbul-ist-international-airport.com\\\/cs\\\/#\\\/schema\\\/person\\\/71ece384d901a99eb7f9197b612d8a26\"},\"headline\":\"Reflecting on Atat\u00fcrk&#8217;s Legacy: Youth and Sports Day Celebrations in Istanbul\",\"datePublished\":\"2025-05-20T08:30:50+00:00\",\"mainEntityOfPage\":{\"@id\":\"https:\\\/\\\/istanbul-ist-international-airport.com\\\/cs\\\/blog\\\/significance-of-may-19-turkey-celebration\\\/\"},\"wordCount\":872,\"articleSection\":[\"News\"],\"inLanguage\":\"cs\"},{\"@type\":\"WebPage\",\"@id\":\"https:\\\/\\\/istanbul-ist-international-airport.com\\\/cs\\\/blog\\\/significance-of-may-19-turkey-celebration\\\/\",\"url\":\"https:\\\/\\\/istanbul-ist-international-airport.com\\\/cs\\\/blog\\\/significance-of-may-19-turkey-celebration\\\/\",\"name\":\"Celebrating Youth and Sports at Istanbul Airport: A New Era\",\"isPartOf\":{\"@id\":\"https:\\\/\\\/istanbul-ist-international-airport.com\\\/cs\\\/#website\"},\"datePublished\":\"2025-05-20T08:30:50+00:00\",\"author\":{\"@id\":\"https:\\\/\\\/istanbul-ist-international-airport.com\\\/cs\\\/#\\\/schema\\\/person\\\/71ece384d901a99eb7f9197b612d8a26\"},\"description\":\"Discover how the commemoration of Atat\u00fcrk, Youth, and Sports Day impacts travel and tourism at Istanbul Airport.\",\"breadcrumb\":{\"@id\":\"https:\\\/\\\/istanbul-ist-international-airport.com\\\/cs\\\/blog\\\/significance-of-may-19-turkey-celebration\\\/#breadcrumb\"},\"inLanguage\":\"cs\",\"potentialAction\":[{\"@type\":\"ReadAction\",\"target\":[\"https:\\\/\\\/istanbul-ist-international-airport.com\\\/cs\\\/blog\\\/significance-of-may-19-turkey-celebration\\\/\"]}]},{\"@type\":\"BreadcrumbList\",\"@id\":\"https:\\\/\\\/istanbul-ist-international-airport.com\\\/cs\\\/blog\\\/significance-of-may-19-turkey-celebration\\\/#breadcrumb\",\"itemListElement\":[{\"@type\":\"ListItem\",\"position\":1,\"name\":\"Home\",\"item\":\"https:\\\/\\\/istanbul-ist-international-airport.com\\\/\"},{\"@type\":\"ListItem\",\"position\":2,\"name\":\"Travel Guide\",\"item\":\"https:\\\/\\\/istanbul-ist-international-airport.com\\\/cs\\\/blog\\\/\"},{\"@type\":\"ListItem\",\"position\":3,\"name\":\"Reflecting on Atat\u00fcrk&#8217;s Legacy: Youth and Sports Day Celebrations in Istanbul\"}]},{\"@type\":\"WebSite\",\"@id\":\"https:\\\/\\\/istanbul-ist-international-airport.com\\\/cs\\\/#website\",\"url\":\"https:\\\/\\\/istanbul-ist-international-airport.com\\\/cs\\\/\",\"name\":\"Istanbul International Airport (IST) - Turkey&#039;s new airport\",\"description\":\"Navigating Istanbul International Airport: A Traveler\u2019s Guide.\",\"potentialAction\":[{\"@type\":\"SearchAction\",\"target\":{\"@type\":\"EntryPoint\",\"urlTemplate\":\"https:\\\/\\\/istanbul-ist-international-airport.com\\\/cs\\\/?s={search_term_string}\"},\"query-input\":{\"@type\":\"PropertyValueSpecification\",\"valueRequired\":true,\"valueName\":\"search_term_string\"}}],\"inLanguage\":\"cs\"},{\"@type\":\"Person\",\"@id\":\"https:\\\/\\\/istanbul-ist-international-airport.com\\\/cs\\\/#\\\/schema\\\/person\\\/71ece384d901a99eb7f9197b612d8a26\",\"name\":\"anastasia_maisuradze\",\"url\":\"https:\\\/\\\/istanbul-ist-international-airport.com\\\/cs\\\/author\\\/anastasia_maisuradze\\\/\"}]}<\/script>\n<!-- \/ Yoast SEO plugin. -->","yoast_head_json":{"title":"Oslava ml\u00e1de\u017ee a sportu na leti\u0161ti v Istanbulu: Nov\u00e1 \u00e9ra","description":"Zjist\u011bte, jak vzpom\u00ednka na Atat\u00fcrka, Den ml\u00e1de\u017ee a sportu ovliv\u0148uje cestov\u00e1n\u00ed a turistiku na leti\u0161ti v Istanbulu.","robots":{"index":"index","follow":"follow","max-snippet":"max-snippet:-1","max-image-preview":"max-image-preview:large","max-video-preview":"max-video-preview:-1"},"canonical":"https:\/\/istanbul-ist-international-airport.com\/cs\/blog\/significance-of-may-19-turkey-celebration\/","og_locale":"cs_CZ","og_type":"article","og_title":"Celebrating Youth and Sports at Istanbul Airport: A New Era","og_description":"Discover how the commemoration of Atat\u00fcrk, Youth, and Sports Day impacts travel and tourism at Istanbul Airport.","og_url":"https:\/\/istanbul-ist-international-airport.com\/cs\/blog\/significance-of-may-19-turkey-celebration\/","og_site_name":"Istanbul International Airport (IST) - Turkey&#039;s new airport","article_published_time":"2025-05-20T08:30:50+00:00","author":"anastasia_maisuradze","twitter_card":"summary_large_image","twitter_misc":{"Napsal(a)":"anastasia_maisuradze","Odhadovan\u00e1 doba \u010dten\u00ed":"4 minuty"},"schema":{"@context":"https:\/\/schema.org","@graph":[{"@type":"Article","@id":"https:\/\/istanbul-ist-international-airport.com\/cs\/blog\/significance-of-may-19-turkey-celebration\/#article","isPartOf":{"@id":"https:\/\/istanbul-ist-international-airport.com\/cs\/blog\/significance-of-may-19-turkey-celebration\/"},"author":{"name":"anastasia_maisuradze","@id":"https:\/\/istanbul-ist-international-airport.com\/cs\/#\/schema\/person\/71ece384d901a99eb7f9197b612d8a26"},"headline":"Reflecting on Atat\u00fcrk&#8217;s Legacy: Youth and Sports Day Celebrations in Istanbul","datePublished":"2025-05-20T08:30:50+00:00","mainEntityOfPage":{"@id":"https:\/\/istanbul-ist-international-airport.com\/cs\/blog\/significance-of-may-19-turkey-celebration\/"},"wordCount":872,"articleSection":["News"],"inLanguage":"cs"},{"@type":"WebPage","@id":"https:\/\/istanbul-ist-international-airport.com\/cs\/blog\/significance-of-may-19-turkey-celebration\/","url":"https:\/\/istanbul-ist-international-airport.com\/cs\/blog\/significance-of-may-19-turkey-celebration\/","name":"Oslava ml\u00e1de\u017ee a sportu na leti\u0161ti v Istanbulu: Nov\u00e1 \u00e9ra","isPartOf":{"@id":"https:\/\/istanbul-ist-international-airport.com\/cs\/#website"},"datePublished":"2025-05-20T08:30:50+00:00","author":{"@id":"https:\/\/istanbul-ist-international-airport.com\/cs\/#\/schema\/person\/71ece384d901a99eb7f9197b612d8a26"},"description":"Zjist\u011bte, jak vzpom\u00ednka na Atat\u00fcrka, Den ml\u00e1de\u017ee a sportu ovliv\u0148uje cestov\u00e1n\u00ed a turistiku na leti\u0161ti v Istanbulu.","breadcrumb":{"@id":"https:\/\/istanbul-ist-international-airport.com\/cs\/blog\/significance-of-may-19-turkey-celebration\/#breadcrumb"},"inLanguage":"cs","potentialAction":[{"@type":"ReadAction","target":["https:\/\/istanbul-ist-international-airport.com\/cs\/blog\/significance-of-may-19-turkey-celebration\/"]}]},{"@type":"BreadcrumbList","@id":"https:\/\/istanbul-ist-international-airport.com\/cs\/blog\/significance-of-may-19-turkey-celebration\/#breadcrumb","itemListElement":[{"@type":"ListItem","position":1,"name":"Home","item":"https:\/\/istanbul-ist-international-airport.com\/"},{"@type":"ListItem","position":2,"name":"Travel Guide","item":"https:\/\/istanbul-ist-international-airport.com\/cs\/blog\/"},{"@type":"ListItem","position":3,"name":"Reflecting on Atat\u00fcrk&#8217;s Legacy: Youth and Sports Day Celebrations in Istanbul"}]},{"@type":"WebSite","@id":"https:\/\/istanbul-ist-international-airport.com\/cs\/#website","url":"https:\/\/istanbul-ist-international-airport.com\/cs\/","name":"Istanbul International Airport (IST) - Turkey&#039;s new airport","description":"Navigating Istanbul International Airport: A Traveler\u2019s Guide.","potentialAction":[{"@type":"SearchAction","target":{"@type":"EntryPoint","urlTemplate":"https:\/\/istanbul-ist-international-airport.com\/cs\/?s={search_term_string}"},"query-input":{"@type":"PropertyValueSpecification","valueRequired":true,"valueName":"search_term_string"}}],"inLanguage":"cs"},{"@type":"Person","@id":"https:\/\/istanbul-ist-international-airport.com\/cs\/#\/schema\/person\/71ece384d901a99eb7f9197b612d8a26","name":"anastasia_maisuradze","url":"https:\/\/istanbul-ist-international-airport.com\/cs\/author\/anastasia_maisuradze\/"}]}},"views":201,"_links":{"self":[{"href":"https:\/\/istanbul-ist-international-airport.com\/cs\/wp-json\/wp\/v2\/posts\/3009","targetHints":{"allow":["GET"]}}],"collection":[{"href":"https:\/\/istanbul-ist-international-airport.com\/cs\/wp-json\/wp\/v2\/posts"}],"about":[{"href":"https:\/\/istanbul-ist-international-airport.com\/cs\/wp-json\/wp\/v2\/types\/post"}],"author":[{"embeddable":true,"href":"https:\/\/istanbul-ist-international-airport.com\/cs\/wp-json\/wp\/v2\/users\/2"}],"replies":[{"embeddable":true,"href":"https:\/\/istanbul-ist-international-airport.com\/cs\/wp-json\/wp\/v2\/comments?post=3009"}],"version-history":[{"count":0,"href":"https:\/\/istanbul-ist-international-airport.com\/cs\/wp-json\/wp\/v2\/posts\/3009\/revisions"}],"wp:attachment":[{"href":"https:\/\/istanbul-ist-international-airport.com\/cs\/wp-json\/wp\/v2\/media?parent=3009"}],"wp:term":[{"taxonomy":"category","embeddable":true,"href":"https:\/\/istanbul-ist-international-airport.com\/cs\/wp-json\/wp\/v2\/categories?post=3009"},{"taxonomy":"post_tag","embeddable":true,"href":"https:\/\/istanbul-ist-international-airport.com\/cs\/wp-json\/wp\/v2\/tags?post=3009"}],"curies":[{"name":"wp","href":"https:\/\/api.w.org\/{rel}","templated":true}]}}