{"id":3251,"date":"2025-07-08T18:15:33","date_gmt":"2025-07-08T18:15:33","guid":{"rendered":"http:\/\/147.182.243.37\/?p=3251"},"modified":"2025-07-08T18:15:33","modified_gmt":"2025-07-08T18:15:33","slug":"fethiye-turkey-recent-developments","status":"publish","type":"post","link":"https:\/\/istanbul-ist-international-airport.com\/cs\/blog\/fethiye-turkey-recent-developments\/","title":{"rendered":"Fethiye\u2019s Infrastructure and Cultural Events: Impact on Tourism in Turkey"},"content":{"rendered":"<h2 itemprop=\"alternateName\" class=\"wp-block-heading\">Ned\u00e1vn\u00fd v\u00fdvoj ve Fethiye<\/h2>\n\n\n\n<p>Minul\u00fd t\u00fdden byl v tureck\u00e9m Fethiye sv\u011bdkem shonu aktivit, kter\u00e9 ukazuj\u00ed na pokra\u010duj\u00edc\u00ed \u00fasil\u00ed o zlep\u0161en\u00ed infrastruktury a pos\u00edlen\u00ed zapojen\u00ed komunity prost\u0159ednictv\u00edm r\u016fzn\u00fdch akc\u00ed. To nejen zd\u016fraz\u0148uje reakceschopnost m\u00edstn\u00ed spr\u00e1vy, ale tak\u00e9 stav\u00ed Fethiye jako pulzuj\u00edc\u00ed destinaci pro turisty a cestovatele, stejn\u011b jako centrum ovliv\u0148uj\u00edc\u00ed bl\u00edzk\u00e9 oblasti, jako je Istanbul.<\/p>\n\n\n\n<h2 itemprop=\"alternateName\" class=\"wp-block-heading\">Vylep\u0161en\u00ed infrastruktury<\/h2>\n\n\n\n<h3 itemprop=\"alternateName\" class=\"wp-block-heading\">Iniciativy pro v\u00fdstavbu silnic<\/h3>\n\n\n\n<p>Pr\u00e1ce na silnic\u00edch v sousedstv\u00edch \u00dcz\u00fcml\u00fc a \u0130ncirk\u00f6y d\u011blaj\u00ed velk\u00e9 pokroky v r\u00e1mci \u0161ir\u0161\u00ed infrastrukturn\u00ed iniciativy veden\u00e9 obc\u00ed. Hlavn\u00edm c\u00edlem t\u011bchto vylep\u0161en\u00ed je vytvo\u0159it bezpe\u010dn\u011bj\u0161\u00ed a efektivn\u011bj\u0161\u00ed dopravn\u00ed trasy pro obyvatele i n\u00e1v\u0161t\u011bvn\u00edky.<\/p>\n\n\n\n<p>T\u00fdmy usilovn\u011b pracuj\u00ed na dodr\u017een\u00ed term\u00edn\u016f a z\u00e1rove\u0148 zaji\u0161\u0165uj\u00ed kvalitu. Tato iniciativa si klade za c\u00edl oslovit v\u0161ech 41 \u010dtvrt\u00ed ve Fethiye a uk\u00e1zat z\u00e1vazek k dlouhodob\u00fdm \u0159e\u0161en\u00edm, kter\u00e1 zlep\u0161uj\u00ed celkov\u00fd dojem pro v\u0161echny.<\/p>\n\n\n\n<h3 itemprop=\"alternateName\" class=\"wp-block-heading\">Kulturn\u00ed obohacen\u00ed prost\u0159ednictv\u00edm hudby<\/h3>\n\n\n\n<p>Zah\u00e1jen\u00ed Hudebn\u00edch fethijsk\u00fdch noc\u00ed s nad\u0161en\u00edm sjednotilo komunitu a velk\u00e9 publikum se shrom\u00e1\u017edilo, aby si u\u017eilo p\u0159edstaven\u00ed pod \u0161ir\u00fdm nebem po cel\u00e9m m\u011bst\u011b. Tyto akce, organizovan\u00e9 pod z\u00e1\u0161titou m\u00edstn\u00edch \u00fa\u0159ad\u016f, p\u0159edstavuj\u00ed talentovan\u00e9 um\u011blce a orchestry a podporuj\u00ed \u017eivou atmosf\u00e9ru, kter\u00e1 povzn\u00e1\u0161\u00ed letn\u00ed ve\u010dery.<\/p>\n\n\n\n<p>Tato spole\u010dn\u00e1 zku\u0161enost nejen\u017ee podporuje m\u00edstn\u00ed hrdost, ale tak\u00e9 posiluje pov\u011bst Fethiye jako kulturn\u00edho centra. Podrobn\u00e9 informace o programu jsou pravideln\u011b sd\u00edleny na platform\u00e1ch soci\u00e1ln\u00edch m\u00e9di\u00ed, co\u017e potenci\u00e1ln\u00edm n\u00e1v\u0161t\u011bvn\u00edk\u016fm umo\u017e\u0148uje zapojit se do m\u00edstn\u00edho d\u011bn\u00ed.<\/p>\n\n\n\n<h2 itemprop=\"alternateName\" class=\"wp-block-heading\">Interakce divok\u00e9 zv\u011b\u0159e s komunitou<\/h2>\n\n\n\n<h3 itemprop=\"alternateName\" class=\"wp-block-heading\">Pozorov\u00e1n\u00ed divok\u00e9 zv\u011e\u015ee vyvol\u00e1v\u00e1 zv\u011bdavost<\/h3>\n\n\n\n<p>Pon\u011bkud ne\u010dekan\u011b byli v Fethiye spat\u0159eni divo\u010d\u00e1ci, jak b\u011bhem dne leno\u0161\u00ed, co\u017e mezi m\u00edstn\u00edmi obyvateli i turisty vyvolalo \u00fadiv i obavy. Jejich klidn\u00e9 chov\u00e1n\u00ed, kdy\u017e se vyh\u0159\u00edvali na slunci v m\u011bstsk\u00fdch zelen\u00fdch prostranstv\u00edch, upoutalo pozornost mnoha lid\u00ed, co\u017e vedlo ke zv\u011bdav\u00fdm p\u0159ihl\u00ed\u017eej\u00edc\u00edm, kte\u0159\u00ed tento okam\u017eik zachytili na sv\u00e9 chytr\u00e9 telefony.<\/p>\n\n\n\n<p>Tento jev podtrhuje pot\u0159ebu promy\u0161len\u00e9ho urbanistick\u00e9ho pl\u00e1nov\u00e1n\u00ed ve Fethiye, kter\u00e9 vyva\u017euje pronik\u00e1n\u00ed p\u0159\u00edrody do m\u011bstsk\u00e9ho prost\u0159ed\u00ed a z\u00e1rove\u0148 zaji\u0161\u0165uje ve\u0159ejnou bezpe\u010dnost. Toto pov\u011bdom\u00ed by mohlo vyvolat v\u00edce diskus\u00ed o \u017eivotn\u00edm prost\u0159ed\u00ed, kter\u00e9 jsou aktu\u00e1ln\u00ed a z\u00e1sadn\u00ed pro cestovn\u00ed ruch na tureck\u00e9m pob\u0159e\u017e\u00ed.<\/p>\n\n\n\n<h2 itemprop=\"alternateName\" class=\"wp-block-heading\">V\u00fdzvy, kter\u00fdm \u010del\u00ed m\u00edstn\u00ed podniky<\/h2>\n\n\n\n<h3 itemprop=\"alternateName\" class=\"wp-block-heading\">Dopad prob\u00edhaj\u00edc\u00edch vylep\u0161en\u00ed<\/h3>\n\n\n\n<p>Zat\u00edmco m\u00edstn\u00ed \u00fa\u0159ady pracuj\u00ed na rozs\u00e1hl\u00fdch projektech zlep\u0161en\u00ed potoka v \u010dtvrti Ta\u015fyaka ve Fethiye, prob\u00edhaj\u00edc\u00ed v\u00fdstavba vedla k naru\u0161en\u00ed provozu mal\u00fdch podnik\u016f, co\u017e vyvol\u00e1v\u00e1 frustraci mezi \u017eivnostn\u00edky. Tato v\u00fdstavba je sou\u010d\u00e1st\u00ed z\u00e1sadn\u00ed modernizace prov\u00e1d\u011bn\u00e9 St\u00e1tn\u00edm vodohospod\u00e1\u0159sk\u00fdm \u00fa\u0159adem.<\/p>\n\n\n\n<p>M\u00edstn\u00ed majitel\u00e9 obchod\u016f vyj\u00e1d\u0159ili znepokojen\u00ed nad dopadem, kter\u00fd m\u00e1 tato pr\u00e1ce na dostupnost pro z\u00e1kazn\u00edky, p\u0159i\u010dem\u017e mnoz\u00ed popisuj\u00ed \u0161patn\u011b na\u010dasovan\u00e9 harmonogramy v\u00fdstavby, pra\u0161n\u00e9 zne\u010di\u0161t\u011bn\u00ed a nedostatek jasn\u00e9 komunikace ze strany \u00fa\u0159edn\u00edk\u016f. Jak se \u0159\u00edk\u00e1, \u201esejde z o\u010d\u00ed, sejde z mysli\u201c, ale m\u00edstn\u00ed podniky se jist\u011b sna\u017e\u00ed udr\u017eet \u201ena o\u010d\u00edch\u201c sv\u00fdch z\u00e1kazn\u00edk\u016f.<\/p>\n\n\n\n<p>M\u00edstn\u00ed v\u00fdzvy k okam\u017eit\u00fdm \u0159e\u0161en\u00edm a jasn\u00fdm \u010dasov\u00fdm harmonogram\u016fm odr\u00e1\u017eej\u00ed pot\u0159ebu komunity jemn\u011b vyv\u00e1\u017eit pokrok a stabilitu, zejm\u00e9na pro odv\u011btv\u00ed slu\u017eeb z\u00e1visl\u00e1 na cestovn\u00edm ruchu.<\/p>\n\n\n\n<h3 itemprop=\"alternateName\" class=\"wp-block-heading\">Environment\u00e1ln\u00ed probl\u00e9my a p\u0159\u00edrodn\u00ed ud\u00e1losti<\/h3>\n\n\n\n<p>Ned\u00e1vno Fethiye \u010delilo neobvykl\u00e9mu po\u010das\u00ed, kdy hust\u00e9 sn\u011b\u017een\u00ed pokrylo oblasti severov\u00fdchodn\u00edho Turecka, pr\u00e1v\u011b kdy\u017e jin\u00e9 oblasti bojovaly s lesn\u00edmi po\u017e\u00e1ry. Tato vz\u00e1cn\u00e1 ud\u00e1lost vyvolala rozhovory o dopadech zm\u011bny klimatu na region\u00e1ln\u00ed pov\u011btrnostn\u00ed podm\u00ednky a jej\u00edch mo\u017en\u00fdch dopadech na cestovn\u00ed ruch.<\/p>\n\n\n\n<p>Takov\u00e9 extr\u00e9my zd\u016fraz\u0148uj\u00ed, jak je d\u016fle\u017eit\u00e9, aby m\u00edstn\u00ed subjekty v cestovn\u00edm ruchu p\u0159izp\u016fsobily sv\u00e9 strategie a zajistily, \u017ee zat\u00edmco slunn\u00e9 pl\u00e1\u017ee l\u00e1kaj\u00ed n\u00e1v\u0161t\u011bvn\u00edky, je tak\u00e9 p\u0159ipravenost zah\u00e1jit dialogy o ekologick\u00e9 udr\u017eitelnosti.<\/p>\n\n\n\n<h2 itemprop=\"alternateName\" class=\"wp-block-heading\">Sport a zapojen\u00ed komunity<\/h2>\n\n\n\n<h3 itemprop=\"alternateName\" class=\"wp-block-heading\">Nov\u00e1 sez\u00f3na Fethiyesporu<\/h3>\n\n\n\n<p>Zat\u00edmco v m\u00edstn\u00ed sportovn\u00ed komunit\u011b roste nad\u0161en\u00ed, profesion\u00e1ln\u00ed fotbalov\u00fd t\u00fdm Fethiyespor zah\u00e1jil p\u0159\u00edpravy na sez\u00f3nu 2025\u20132026. Pod veden\u00edm hlavn\u00edho tren\u00e9ra Selahaddina Din\u00e7ela se hr\u00e1\u010di p\u0159ipravuj\u00ed na tr\u00e9nink tvorby pevn\u00fdch strategi\u00ed, kter\u00e9 nadch\u00e1zej\u00edc\u00ed sez\u00f3na vy\u017eaduje.<\/p>\n\n\n\n<p>P\u0159id\u00e1n\u00edm nov\u00fdch posil do t\u00fdmu se tento t\u00fdm nesna\u017e\u00ed jen o konkurenceschopn\u00fd v\u00fdkon, ale tak\u00e9 o pos\u00edlen\u00ed zapojen\u00ed komunity a hrdosti na m\u00edstn\u00ed sport. Investice do toho, kdy a kde propagovat jejich z\u00e1pasy, bude kl\u00ed\u010dov\u00e1 pro p\u0159il\u00e1k\u00e1n\u00ed v\u011bt\u0161\u00edho po\u010dtu div\u00e1k\u016f, zejm\u00e9na turist\u016f, kte\u0159\u00ed mohou b\u00fdt na dovolen\u00e9 a hledat m\u00edstn\u00ed z\u00e1bavu.<\/p>\n\n\n\n<h2 itemprop=\"alternateName\" class=\"wp-block-heading\">V\u011bt\u0161\u00ed obr\u00e1zek<\/h2>\n\n\n\n<p>V\u00fdvoj ve Fethiye m\u00e1 okam\u017eit\u00e9 i dlouhodob\u00e9 dopady na cestovn\u00ed ruch v Turecku. S vylep\u0161en\u00edm infrastruktury a kulturn\u00edmi iniciativami, jako jsou Hudebn\u00ed noci Fethiye, se o\u010dek\u00e1v\u00e1, \u017ee se atraktivita m\u011bsta zv\u00fd\u0161\u00ed, co\u017e potenci\u00e1ln\u011b pos\u00edl\u00ed cestov\u00e1n\u00ed do \u0161ir\u0161\u00edch region\u016f Turecka, v\u010detn\u011b Istanbulu. S t\u00edm, jak se ka\u017ed\u00fd projekt zav\u00e1d\u00ed, se propojen\u00ed ekonomick\u00e9ho stimulu prost\u0159ednictv\u00edm cestovn\u00edho ruchu a zapojen\u00ed komunity upev\u0148uje pozici Fethiye na map\u011b tureck\u00e9ho cestovn\u00edho ruchu.<\/p>\n\n\n\n<p>N\u00e1v\u0161t\u011bvn\u00edk\u016fm se doporu\u010duje, aby si uv\u011bdomili, \u017ee a\u010dkoli existuj\u00ed ur\u010dit\u00e9 obt\u00ed\u017ee, \u017eivost kulturn\u00ed krajiny Fethiye je n\u011bco, co stoj\u00ed za to vid\u011bt. Je to p\u0159ipom\u00ednka toho, \u017ee z\u00e1\u017eitky z cestov\u00e1n\u00ed p\u0159esahuj\u00ed samotnou destinaci; \u010dasto se nach\u00e1zej\u00ed v interakc\u00edch a objevech, kter\u00e9 se vyskytnou po cest\u011b.<\/p>\n\n\n\n<h2 itemprop=\"alternateName\" class=\"wp-block-heading\">Conclusion<\/h2>\n\n\n\n<p>Prob\u00edhaj\u00edc\u00ed infrastrukturn\u00ed projekty a komunitn\u00ed iniciativy v oblasti Fethiye zaji\u0161\u0165uj\u00ed jej\u00ed pozici v\u00fdznamn\u00e9ho hr\u00e1\u010de v tureck\u00e9m \u0442\u0443\u0440\u0438\u0441\u0442\u0438\u043a\u0438. Rozvoj slibuje dal\u0161\u00ed obohacen\u00ed zku\u0161enost\u00ed v\u0161ech, tak\u017ee tato oblast bude st\u00e1t za to, aby ji \u0442\u0443\u0440\u0438\u0441\u0442\u0438 p\u0159e\u010dkali, a\u0165 u\u017e sm\u011b\u0159uj\u00ed do Istanbulu nebo kamkoli jinam do T\u00fcrkiye. Budoucnost Fethiye se zd\u00e1 b\u00fdt jasn\u00e1, a jak se tyto aktualizace odv\u00edjej\u00ed, touristick\u00fd sektor pravd\u011bpodobn\u011b poroste, co\u017e podpo\u0159\u00ed v\u011bt\u0161\u00ed interakci s n\u00e1v\u0161t\u011bvn\u00edky i m\u00edstn\u00edmi obyvateli. Sledujte tyto vzru\u0161uj\u00edc\u00ed ud\u00e1losti \u2013 mo\u017en\u00e1 pr\u00e1v\u011b ony se stanou va\u0161\u00ed p\u0159\u00ed\u0161t\u00ed dobrodru\u017enou cestou na leti\u0161t\u011b v Istanbulu.<\/p>","protected":false},"excerpt":{"rendered":"<p>Last week saw a flurry of activity in Fethiye, Turkey, showcasing the ongoing efforts to improve infrastructure and enhance community engagement through various events.<\/p>","protected":false},"author":2,"featured_media":0,"comment_status":"closed","ping_status":"closed","sticky":false,"template":"","format":"standard","meta":{"_acf_changed":false,"fifu_image_url":"","fifu_image_alt":"","footnotes":""},"categories":[33],"tags":[],"class_list":["post-3251","post","type-post","status-publish","format-standard","hentry","category-news"],"acf":[],"yoast_head":"<!-- This site is optimized with the Yoast SEO plugin v27.5 - https:\/\/yoast.com\/product\/yoast-seo-wordpress\/ -->\n<title>Updates on Fethiye&#039;s Growing Infrastructure and Community Events<\/title>\n<meta name=\"description\" content=\"Explore the latest developments in Fethiye&#039;s infrastructure, community events, and their implications on tourism and travel in Turkey.\" \/>\n<meta name=\"robots\" content=\"index, follow, max-snippet:-1, max-image-preview:large, max-video-preview:-1\" \/>\n<link rel=\"canonical\" href=\"https:\/\/istanbul-ist-international-airport.com\/cs\/blog\/fethiye-turkey-recent-developments\/\" \/>\n<meta property=\"og:locale\" content=\"cs_CZ\" \/>\n<meta property=\"og:type\" content=\"article\" \/>\n<meta property=\"og:title\" content=\"Updates on Fethiye&#039;s Growing Infrastructure and Community Events\" \/>\n<meta property=\"og:description\" content=\"Explore the latest developments in Fethiye&#039;s infrastructure, community events, and their implications on tourism and travel in Turkey.\" \/>\n<meta property=\"og:url\" content=\"https:\/\/istanbul-ist-international-airport.com\/cs\/blog\/fethiye-turkey-recent-developments\/\" \/>\n<meta property=\"og:site_name\" content=\"Istanbul International Airport (IST) - Turkey&#039;s new airport\" \/>\n<meta property=\"article:published_time\" content=\"2025-07-08T18:15:33+00:00\" \/>\n<meta name=\"author\" content=\"anastasia_maisuradze\" \/>\n<meta name=\"twitter:card\" content=\"summary_large_image\" \/>\n<meta name=\"twitter:label1\" content=\"Napsal(a)\" \/>\n\t<meta name=\"twitter:data1\" content=\"anastasia_maisuradze\" \/>\n\t<meta name=\"twitter:label2\" content=\"Odhadovan\u00e1 doba \u010dten\u00ed\" \/>\n\t<meta name=\"twitter:data2\" content=\"4 minuty\" \/>\n<script type=\"application\/ld+json\" class=\"yoast-schema-graph\">{\"@context\":\"https:\\\/\\\/schema.org\",\"@graph\":[{\"@type\":\"Article\",\"@id\":\"https:\\\/\\\/istanbul-ist-international-airport.com\\\/cs\\\/blog\\\/fethiye-turkey-recent-developments\\\/#article\",\"isPartOf\":{\"@id\":\"https:\\\/\\\/istanbul-ist-international-airport.com\\\/cs\\\/blog\\\/fethiye-turkey-recent-developments\\\/\"},\"author\":{\"name\":\"anastasia_maisuradze\",\"@id\":\"https:\\\/\\\/istanbul-ist-international-airport.com\\\/cs\\\/#\\\/schema\\\/person\\\/71ece384d901a99eb7f9197b612d8a26\"},\"headline\":\"Fethiye&#8217;s Infrastructure and Cultural Events: Impact on Tourism in Turkey\",\"datePublished\":\"2025-07-08T18:15:33+00:00\",\"mainEntityOfPage\":{\"@id\":\"https:\\\/\\\/istanbul-ist-international-airport.com\\\/cs\\\/blog\\\/fethiye-turkey-recent-developments\\\/\"},\"wordCount\":872,\"articleSection\":[\"News\"],\"inLanguage\":\"cs\"},{\"@type\":\"WebPage\",\"@id\":\"https:\\\/\\\/istanbul-ist-international-airport.com\\\/cs\\\/blog\\\/fethiye-turkey-recent-developments\\\/\",\"url\":\"https:\\\/\\\/istanbul-ist-international-airport.com\\\/cs\\\/blog\\\/fethiye-turkey-recent-developments\\\/\",\"name\":\"Updates on Fethiye's Growing Infrastructure and Community Events\",\"isPartOf\":{\"@id\":\"https:\\\/\\\/istanbul-ist-international-airport.com\\\/cs\\\/#website\"},\"datePublished\":\"2025-07-08T18:15:33+00:00\",\"author\":{\"@id\":\"https:\\\/\\\/istanbul-ist-international-airport.com\\\/cs\\\/#\\\/schema\\\/person\\\/71ece384d901a99eb7f9197b612d8a26\"},\"description\":\"Explore the latest developments in Fethiye's infrastructure, community events, and their implications on tourism and travel in Turkey.\",\"breadcrumb\":{\"@id\":\"https:\\\/\\\/istanbul-ist-international-airport.com\\\/cs\\\/blog\\\/fethiye-turkey-recent-developments\\\/#breadcrumb\"},\"inLanguage\":\"cs\",\"potentialAction\":[{\"@type\":\"ReadAction\",\"target\":[\"https:\\\/\\\/istanbul-ist-international-airport.com\\\/cs\\\/blog\\\/fethiye-turkey-recent-developments\\\/\"]}]},{\"@type\":\"BreadcrumbList\",\"@id\":\"https:\\\/\\\/istanbul-ist-international-airport.com\\\/cs\\\/blog\\\/fethiye-turkey-recent-developments\\\/#breadcrumb\",\"itemListElement\":[{\"@type\":\"ListItem\",\"position\":1,\"name\":\"Home\",\"item\":\"https:\\\/\\\/istanbul-ist-international-airport.com\\\/\"},{\"@type\":\"ListItem\",\"position\":2,\"name\":\"Travel Guide\",\"item\":\"https:\\\/\\\/istanbul-ist-international-airport.com\\\/cs\\\/blog\\\/\"},{\"@type\":\"ListItem\",\"position\":3,\"name\":\"Fethiye&#8217;s Infrastructure and Cultural Events: Impact on Tourism in Turkey\"}]},{\"@type\":\"WebSite\",\"@id\":\"https:\\\/\\\/istanbul-ist-international-airport.com\\\/cs\\\/#website\",\"url\":\"https:\\\/\\\/istanbul-ist-international-airport.com\\\/cs\\\/\",\"name\":\"Istanbul International Airport (IST) - Turkey&#039;s new airport\",\"description\":\"Navigating Istanbul International Airport: A Traveler\u2019s Guide.\",\"potentialAction\":[{\"@type\":\"SearchAction\",\"target\":{\"@type\":\"EntryPoint\",\"urlTemplate\":\"https:\\\/\\\/istanbul-ist-international-airport.com\\\/cs\\\/?s={search_term_string}\"},\"query-input\":{\"@type\":\"PropertyValueSpecification\",\"valueRequired\":true,\"valueName\":\"search_term_string\"}}],\"inLanguage\":\"cs\"},{\"@type\":\"Person\",\"@id\":\"https:\\\/\\\/istanbul-ist-international-airport.com\\\/cs\\\/#\\\/schema\\\/person\\\/71ece384d901a99eb7f9197b612d8a26\",\"name\":\"anastasia_maisuradze\",\"url\":\"https:\\\/\\\/istanbul-ist-international-airport.com\\\/cs\\\/author\\\/anastasia_maisuradze\\\/\"}]}<\/script>\n<!-- \/ Yoast SEO plugin. -->","yoast_head_json":{"title":"Aktuality o rostouc\u00ed infrastruktu\u0159e a komunitn\u00edch akc\u00edch ve Fethiye","description":"Prozkoumejte nejnov\u011bj\u0161\u00ed v\u00fdvoj v infrastruktu\u0159e Fethiye, komunitn\u00ed akce a jejich dopad na cestovn\u00ed ruch a cestov\u00e1n\u00ed v Turecku.","robots":{"index":"index","follow":"follow","max-snippet":"max-snippet:-1","max-image-preview":"max-image-preview:large","max-video-preview":"max-video-preview:-1"},"canonical":"https:\/\/istanbul-ist-international-airport.com\/cs\/blog\/fethiye-turkey-recent-developments\/","og_locale":"cs_CZ","og_type":"article","og_title":"Updates on Fethiye's Growing Infrastructure and Community Events","og_description":"Explore the latest developments in Fethiye's infrastructure, community events, and their implications on tourism and travel in Turkey.","og_url":"https:\/\/istanbul-ist-international-airport.com\/cs\/blog\/fethiye-turkey-recent-developments\/","og_site_name":"Istanbul International Airport (IST) - Turkey&#039;s new airport","article_published_time":"2025-07-08T18:15:33+00:00","author":"anastasia_maisuradze","twitter_card":"summary_large_image","twitter_misc":{"Napsal(a)":"anastasia_maisuradze","Odhadovan\u00e1 doba \u010dten\u00ed":"4 minuty"},"schema":{"@context":"https:\/\/schema.org","@graph":[{"@type":"Article","@id":"https:\/\/istanbul-ist-international-airport.com\/cs\/blog\/fethiye-turkey-recent-developments\/#article","isPartOf":{"@id":"https:\/\/istanbul-ist-international-airport.com\/cs\/blog\/fethiye-turkey-recent-developments\/"},"author":{"name":"anastasia_maisuradze","@id":"https:\/\/istanbul-ist-international-airport.com\/cs\/#\/schema\/person\/71ece384d901a99eb7f9197b612d8a26"},"headline":"Fethiye&#8217;s Infrastructure and Cultural Events: Impact on Tourism in Turkey","datePublished":"2025-07-08T18:15:33+00:00","mainEntityOfPage":{"@id":"https:\/\/istanbul-ist-international-airport.com\/cs\/blog\/fethiye-turkey-recent-developments\/"},"wordCount":872,"articleSection":["News"],"inLanguage":"cs"},{"@type":"WebPage","@id":"https:\/\/istanbul-ist-international-airport.com\/cs\/blog\/fethiye-turkey-recent-developments\/","url":"https:\/\/istanbul-ist-international-airport.com\/cs\/blog\/fethiye-turkey-recent-developments\/","name":"Aktuality o rostouc\u00ed infrastruktu\u0159e a komunitn\u00edch akc\u00edch ve Fethiye","isPartOf":{"@id":"https:\/\/istanbul-ist-international-airport.com\/cs\/#website"},"datePublished":"2025-07-08T18:15:33+00:00","author":{"@id":"https:\/\/istanbul-ist-international-airport.com\/cs\/#\/schema\/person\/71ece384d901a99eb7f9197b612d8a26"},"description":"Prozkoumejte nejnov\u011bj\u0161\u00ed v\u00fdvoj v infrastruktu\u0159e Fethiye, komunitn\u00ed akce a jejich dopad na cestovn\u00ed ruch a cestov\u00e1n\u00ed v Turecku.","breadcrumb":{"@id":"https:\/\/istanbul-ist-international-airport.com\/cs\/blog\/fethiye-turkey-recent-developments\/#breadcrumb"},"inLanguage":"cs","potentialAction":[{"@type":"ReadAction","target":["https:\/\/istanbul-ist-international-airport.com\/cs\/blog\/fethiye-turkey-recent-developments\/"]}]},{"@type":"BreadcrumbList","@id":"https:\/\/istanbul-ist-international-airport.com\/cs\/blog\/fethiye-turkey-recent-developments\/#breadcrumb","itemListElement":[{"@type":"ListItem","position":1,"name":"Home","item":"https:\/\/istanbul-ist-international-airport.com\/"},{"@type":"ListItem","position":2,"name":"Travel Guide","item":"https:\/\/istanbul-ist-international-airport.com\/cs\/blog\/"},{"@type":"ListItem","position":3,"name":"Fethiye&#8217;s Infrastructure and Cultural Events: Impact on Tourism in Turkey"}]},{"@type":"WebSite","@id":"https:\/\/istanbul-ist-international-airport.com\/cs\/#website","url":"https:\/\/istanbul-ist-international-airport.com\/cs\/","name":"Istanbul International Airport (IST) - Turkey&#039;s new airport","description":"Navigating Istanbul International Airport: A Traveler\u2019s Guide.","potentialAction":[{"@type":"SearchAction","target":{"@type":"EntryPoint","urlTemplate":"https:\/\/istanbul-ist-international-airport.com\/cs\/?s={search_term_string}"},"query-input":{"@type":"PropertyValueSpecification","valueRequired":true,"valueName":"search_term_string"}}],"inLanguage":"cs"},{"@type":"Person","@id":"https:\/\/istanbul-ist-international-airport.com\/cs\/#\/schema\/person\/71ece384d901a99eb7f9197b612d8a26","name":"anastasia_maisuradze","url":"https:\/\/istanbul-ist-international-airport.com\/cs\/author\/anastasia_maisuradze\/"}]}},"views":156,"_links":{"self":[{"href":"https:\/\/istanbul-ist-international-airport.com\/cs\/wp-json\/wp\/v2\/posts\/3251","targetHints":{"allow":["GET"]}}],"collection":[{"href":"https:\/\/istanbul-ist-international-airport.com\/cs\/wp-json\/wp\/v2\/posts"}],"about":[{"href":"https:\/\/istanbul-ist-international-airport.com\/cs\/wp-json\/wp\/v2\/types\/post"}],"author":[{"embeddable":true,"href":"https:\/\/istanbul-ist-international-airport.com\/cs\/wp-json\/wp\/v2\/users\/2"}],"replies":[{"embeddable":true,"href":"https:\/\/istanbul-ist-international-airport.com\/cs\/wp-json\/wp\/v2\/comments?post=3251"}],"version-history":[{"count":0,"href":"https:\/\/istanbul-ist-international-airport.com\/cs\/wp-json\/wp\/v2\/posts\/3251\/revisions"}],"wp:attachment":[{"href":"https:\/\/istanbul-ist-international-airport.com\/cs\/wp-json\/wp\/v2\/media?parent=3251"}],"wp:term":[{"taxonomy":"category","embeddable":true,"href":"https:\/\/istanbul-ist-international-airport.com\/cs\/wp-json\/wp\/v2\/categories?post=3251"},{"taxonomy":"post_tag","embeddable":true,"href":"https:\/\/istanbul-ist-international-airport.com\/cs\/wp-json\/wp\/v2\/tags?post=3251"}],"curies":[{"name":"wp","href":"https:\/\/api.w.org\/{rel}","templated":true}]}}