{"id":2810,"date":"2025-04-15T13:17:44","date_gmt":"2025-04-15T13:17:44","guid":{"rendered":"http:\/\/147.182.243.37\/?p=2810"},"modified":"2025-04-15T13:17:44","modified_gmt":"2025-04-15T13:17:44","slug":"gocek-herb-food-festival-rescheduled","status":"publish","type":"post","link":"https:\/\/istanbul-ist-international-airport.com\/es\/blog\/gocek-herb-food-festival-rescheduled\/","title":{"rendered":"G\u00f6cek Herb Food Festival Rescheduled to April 20, 2025"},"content":{"rendered":"<h2 itemprop=\"alternateName\" class=\"wp-block-heading\">G\u00f6cek Herb Food Festival Delayed<\/h2>\n\n\n\n<p>The highly anticipated <strong>G\u00f6cek Herb Food Festival<\/strong>, which was originally set to take place this weekend, has been postponed to <strong>April 20, 2025<\/strong>, due to unfavorable weather conditions. This decision was made by the G\u00f6cek Culture and Tourism Association to ensure a pleasant and safe environment for all attendees.<\/p>\n<p><img loading=\"lazy\" decoding=\"async\" itemprop=\"image\" class=\"alignnone size-medium wp-image-2830\" src=\"https:\/\/istanbul-ist-international-airport.com\/wp-content\/uploads\/2025\/04\/488620825_10162552178728112_1322620901847979367_n-1024x683-1-300x200.jpg\" alt=\"\" width=\"300\" height=\"200\" srcset=\"https:\/\/istanbul-ist-international-airport.com\/wp-content\/uploads\/2025\/04\/488620825_10162552178728112_1322620901847979367_n-1024x683-1-300x200.jpg 300w, https:\/\/istanbul-ist-international-airport.com\/wp-content\/uploads\/2025\/04\/488620825_10162552178728112_1322620901847979367_n-1024x683-1-768x512.jpg 768w, https:\/\/istanbul-ist-international-airport.com\/wp-content\/uploads\/2025\/04\/488620825_10162552178728112_1322620901847979367_n-1024x683-1-18x12.jpg 18w, https:\/\/istanbul-ist-international-airport.com\/wp-content\/uploads\/2025\/04\/488620825_10162552178728112_1322620901847979367_n-1024x683-1.jpg 1024w\" sizes=\"auto, (max-width: 300px) 100vw, 300px\" \/><\/p>\n\n\n\n<h2 itemprop=\"alternateName\" class=\"wp-block-heading\">Reasons Behind the Rescheduling<\/h2>\n\n\n\n<p>In a statement, the association emphasized that the well-being of festival participants is paramount. By rescheduling the event, they aim to ensure that everyone has the chance to fully experience the festival&#8217;s vibrant atmosphere, which celebrates traditional herbs and local culinary delights. The festival promises to be a feast of flavors, showcasing the rich culinary culture of the region.<\/p>\n\n\n\n<h3 itemprop=\"alternateName\" class=\"wp-block-heading\">Revised Festival Schedule for April 20, 2025<\/h3>\n\n<table style=\"border-collapse: collapse !important; border-color: silver !important; text-align: center !important; margin-top: 20px !important; margin-bottom: 30px !important;\">\n<tbody>\n<tr>\n<th style=\"text-align: center; padding: 10px !important; background-color: #d8d8d8 !important; font-weight: bold !important; border: 1px solid silver !important;\">Time<\/th>\n<th style=\"text-align: center; padding: 10px !important; background-color: #d8d8d8 !important; font-weight: bold !important; border: 1px solid silver !important;\">Activity<\/th>\n<\/tr>\n<tr>\n<td style=\"padding: 10px !important; text-aligh: center !important; border: 1px solid silver !important;\">10:00<\/td>\n<td style=\"padding: 10px !important; text-aligh: center !important; border: 1px solid silver !important;\">Festival Opening<\/td>\n<\/tr>\n<tr>\n<td style=\"padding: 10px !important; text-aligh: center !important; border: 1px solid silver !important;\">12:00<\/td>\n<td style=\"padding: 10px !important; text-aligh: center !important; border: 1px solid silver !important;\">Cooking Competition<\/td>\n<\/tr>\n<tr>\n<td style=\"padding: 10px !important; text-aligh: center !important; border: 1px solid silver !important;\">14:00<\/td>\n<td style=\"padding: 10px !important; text-aligh: center !important; border: 1px solid silver !important;\">Cooking Show by Guest Chefs<\/td>\n<\/tr>\n<tr>\n<td style=\"padding: 10px !important; text-aligh: center !important; border: 1px solid silver !important;\">16:00<\/td>\n<td style=\"padding: 10px !important; text-aligh: center !important; border: 1px solid silver !important;\">Award Ceremony<\/td>\n<\/tr>\n<tr>\n<td style=\"padding: 10px !important; text-aligh: center !important; border: 1px solid silver !important;\">17:00<\/td>\n<td style=\"padding: 10px !important; text-aligh: center !important; border: 1px solid silver !important;\">Festival Closing<\/td>\n<\/tr>\n<\/tbody>\n<\/table>\n<!-- \/wp:post-content -->\n\n<!-- wp:heading -->\n<h2 itemprop=\"alternateName\">Local Engagement and Support<\/h2>\n<!-- \/wp:heading -->\n\n<!-- wp:paragraph -->\n<p>The association expressed gratitude to all supporters and participants for their understanding during this rescheduling. With the new date now set, excitement is building for the festival as local food enthusiasts and visitors from afar prepare to indulge in G\u00f6cek\u2019s culinary heritage. The festival is not just an event; it&#8217;s a celebration of the community\u2019s commitment to preserving local traditions, further enriching the cultural tapestry of <strong>Istanbul<\/strong> and Turkey.<\/p>\n<!-- \/wp:paragraph -->\n\n<!-- wp:heading -->\n<h2 itemprop=\"alternateName\">Impact on Local Economy<\/h2>\n<!-- \/wp:heading -->\n\n<!-- wp:paragraph -->\n<p>The G\u00f6cek Herb Food Festival stands to benefit the local economy significantly, attracting tourists to the region. These visitors will not only revel in the local flavors but also contribute to the growth of various sectors, including hospitality and retail in the area. Festivals like this are vital in promoting local culture and fostering community spirit while generating economic opportunities.<\/p>\n<!-- \/wp:paragraph -->\n\n<!-- wp:heading {\"level\":3} -->\n<h3 itemprop=\"alternateName\">Sizzling Prices in Local Markets<\/h3>\n<!-- \/wp:heading -->\n\n<!-- wp:paragraph -->\n<p>In other news, recent weather shifts have contributed to a market phenomenon, especially concerning food prices. Shoppers at the <strong>Fethiye Saturday Market<\/strong> were caught off guard as the price of watermelon skyrocketed, leading many to opt for slices instead of whole fruits. In a time when household budgets are tight, the adaptation of consumers is noticeable as they look for more affordable options amid fluctuating market prices.<\/p>\n<!-- \/wp:paragraph -->\n\n<!-- wp:heading -->\n<h2 itemprop=\"alternateName\">Tradition and Nature: Storks at the Mosque Minaret<\/h2>\n<!-- \/wp:heading -->\n\n<!-- wp:paragraph -->\n<p>In a heartwarming display of nature, storks have been returning to build their nests on the minaret of the D\u00fc\u011ferek Alaatin Yal\u00e7\u0131n Mosque in Mente\u015fe for the 12th consecutive year. This charming spectacle has become a beloved tradition in the local community. As these storks arrive each spring, they foster a sense of continuity and joy among residents, connecting people through nature and shared experiences.<\/p>\n<!-- \/wp:paragraph -->\n\n<!-- wp:heading -->\n<h2 itemprop=\"alternateName\">Safety Measures Amidst Emergencies<\/h2>\n<!-- \/wp:heading -->\n\n<!-- wp:paragraph -->\n<p>This week also witnessed an alarming incident when a fire broke out at a <strong>5-star hotel in Marmaris<\/strong>, leading to the hospitalization of several individuals. Fortunately, prompt emergency responses ensured the safety of hundreds of evacuated guests. Such incidents underscore the importance of safety procedures at tourist locations, particularly in high-traffic areas like hotels near <strong>Istanbul Airport<\/strong>. As tourism flourishes in Turkey, services and infrastructure must evolve to prioritize guest safety and well-being.<\/p>\n<!-- \/wp:paragraph -->\n\n<!-- wp:heading -->\n<h2 itemprop=\"alternateName\">New Adventures in Turkey<\/h2>\n<!-- \/wp:heading -->\n\n<!-- wp:paragraph -->\n<p>Beyond food festivals and local traditions, adventure seekers are exploring new outdoor activities in Turkey. Enthusiasts recently took to the ice-melt waters of the Zernek Dam Lake in Van, experiencing the thrill of canoeing among drifting ice floes. Such unique opportunities not only stir excitement among locals and tourists but also highlight the beauty of Turkey\u2019s seasonal landscapes, enhancing its appeal as a travel destination.<\/p>\n<!-- \/wp:paragraph -->\n\n<!-- wp:heading -->\n<h2 itemprop=\"alternateName\">Why It Matters<\/h2>\n<!-- \/wp:heading -->\n\n<!-- wp:paragraph -->\n<p>Understanding these updates is vital as Turkey continually positions itself as a key player in international tourism. From vibrant culinary festivals to emergency safety measures in the industry, these elements serve to inform travelers and stakeholders of ongoing developments within the Turkish tourism sphere. Festivals, while delightful, are also barometers for local economic health and cultural engagement, proving their significance extends beyond mere entertainment.<\/p>\n<!-- \/wp:paragraph -->\n\n<!-- wp:heading {\"level\":3} -->\n<h3 itemprop=\"alternateName\">Wrapping It Up<\/h3>\n<!-- \/wp:heading -->\n\n<!-- wp:paragraph -->\n<p>In summary, the rescheduled <strong>G\u00f6cek Herb Food Festival<\/strong> is set to be a highlight of local culture, showcasing the rich culinary heritage of the region. As situations unfold in local markets, around nature, and within hospitality, the intricate relationship between community, tourism, and economic viability becomes increasingly evident. This continuing evolution in Turkey&#8217;s tourism narratives not only impacts visitor experiences but further solidifies Istanbul\u2019s standing in the global travel arena. Keep up with these developments as they shape the landscape of travel and aviation in Turkey.<\/p>\n<!-- \/wp:paragraph -->","protected":false},"excerpt":{"rendered":"<p>G\u00f6cek Herb Food Festival Delayed The highly anticipated G\u00f6cek Herb Food Festival, which was originally set to take place this weekend, has been postponed to April 20, 2025, due to unfavorable weather conditions. This decision was made by the G\u00f6cek Culture and Tourism Association to ensure a pleasant and safe environment for all attendees. Reasons [&hellip;]<\/p>","protected":false},"author":2,"featured_media":2828,"comment_status":"closed","ping_status":"closed","sticky":false,"template":"","format":"standard","meta":{"_acf_changed":false,"fifu_image_url":"","fifu_image_alt":"","footnotes":""},"categories":[33,28,12,8],"tags":[],"class_list":["post-2810","post","type-post","status-publish","format-standard","has-post-thumbnail","hentry","category-news","category-stories-experiences","category-travel-inspiration","category-trends-in-travel-mobility"],"acf":[],"yoast_head":"<!-- This site is optimized with the Yoast SEO plugin v27.4 - https:\/\/yoast.com\/product\/yoast-seo-wordpress\/ -->\n<title>G\u00f6cek Herb Food Festival Rescheduled Amid Weather Concerns<\/title>\n<meta name=\"description\" content=\"Explore the rescheduled date for the G\u00f6cek Herb Food Festival and its impact on local tourism!\" \/>\n<meta name=\"robots\" content=\"index, follow, max-snippet:-1, max-image-preview:large, max-video-preview:-1\" \/>\n<link rel=\"canonical\" href=\"https:\/\/istanbul-ist-international-airport.com\/es\/blog\/gocek-herb-food-festival-rescheduled\/\" \/>\n<meta property=\"og:locale\" content=\"es_ES\" \/>\n<meta property=\"og:type\" content=\"article\" \/>\n<meta property=\"og:title\" content=\"G\u00f6cek Herb Food Festival Rescheduled Amid Weather Concerns\" \/>\n<meta property=\"og:description\" content=\"Explore the rescheduled date for the G\u00f6cek Herb Food Festival and its impact on local tourism!\" \/>\n<meta property=\"og:url\" content=\"https:\/\/istanbul-ist-international-airport.com\/es\/blog\/gocek-herb-food-festival-rescheduled\/\" \/>\n<meta property=\"og:site_name\" content=\"Istanbul International Airport (IST) - Turkey&#039;s new airport\" \/>\n<meta property=\"article:published_time\" content=\"2025-04-15T13:17:44+00:00\" \/>\n<meta property=\"og:image\" content=\"https:\/\/istanbul-ist-international-airport.com\/wp-content\/uploads\/2025\/04\/ot-festivali-ertelendi-kopya-800x424-1.jpeg\" \/>\n\t<meta property=\"og:image:width\" content=\"800\" \/>\n\t<meta property=\"og:image:height\" content=\"424\" \/>\n\t<meta property=\"og:image:type\" content=\"image\/jpeg\" \/>\n<meta name=\"author\" content=\"anastasia_maisuradze\" \/>\n<meta name=\"twitter:card\" content=\"summary_large_image\" \/>\n<meta name=\"twitter:label1\" content=\"Escrito por\" \/>\n\t<meta name=\"twitter:data1\" content=\"anastasia_maisuradze\" \/>\n\t<meta name=\"twitter:label2\" content=\"Tiempo de lectura\" \/>\n\t<meta name=\"twitter:data2\" content=\"4 minutos\" \/>\n<script type=\"application\/ld+json\" class=\"yoast-schema-graph\">{\"@context\":\"https:\\\/\\\/schema.org\",\"@graph\":[{\"@type\":\"Article\",\"@id\":\"https:\\\/\\\/istanbul-ist-international-airport.com\\\/es\\\/blog\\\/gocek-herb-food-festival-rescheduled\\\/#article\",\"isPartOf\":{\"@id\":\"https:\\\/\\\/istanbul-ist-international-airport.com\\\/es\\\/blog\\\/gocek-herb-food-festival-rescheduled\\\/\"},\"author\":{\"name\":\"anastasia_maisuradze\",\"@id\":\"https:\\\/\\\/istanbul-ist-international-airport.com\\\/es\\\/#\\\/schema\\\/person\\\/71ece384d901a99eb7f9197b612d8a26\"},\"headline\":\"G\u00f6cek Herb Food Festival Rescheduled to April 20, 2025\",\"datePublished\":\"2025-04-15T13:17:44+00:00\",\"mainEntityOfPage\":{\"@id\":\"https:\\\/\\\/istanbul-ist-international-airport.com\\\/es\\\/blog\\\/gocek-herb-food-festival-rescheduled\\\/\"},\"wordCount\":743,\"image\":{\"@id\":\"https:\\\/\\\/istanbul-ist-international-airport.com\\\/es\\\/blog\\\/gocek-herb-food-festival-rescheduled\\\/#primaryimage\"},\"thumbnailUrl\":\"https:\\\/\\\/istanbul-ist-international-airport.com\\\/wp-content\\\/uploads\\\/2025\\\/04\\\/ot-festivali-ertelendi-kopya-800x424-1.jpeg\",\"articleSection\":[\"News\",\"Stories &amp; Experiences\",\"Travel Inspiration\",\"Trends in Travel &amp; Mobility\"],\"inLanguage\":\"es\"},{\"@type\":\"WebPage\",\"@id\":\"https:\\\/\\\/istanbul-ist-international-airport.com\\\/es\\\/blog\\\/gocek-herb-food-festival-rescheduled\\\/\",\"url\":\"https:\\\/\\\/istanbul-ist-international-airport.com\\\/es\\\/blog\\\/gocek-herb-food-festival-rescheduled\\\/\",\"name\":\"G\u00f6cek Herb Food Festival Rescheduled Amid Weather Concerns\",\"isPartOf\":{\"@id\":\"https:\\\/\\\/istanbul-ist-international-airport.com\\\/es\\\/#website\"},\"primaryImageOfPage\":{\"@id\":\"https:\\\/\\\/istanbul-ist-international-airport.com\\\/es\\\/blog\\\/gocek-herb-food-festival-rescheduled\\\/#primaryimage\"},\"image\":{\"@id\":\"https:\\\/\\\/istanbul-ist-international-airport.com\\\/es\\\/blog\\\/gocek-herb-food-festival-rescheduled\\\/#primaryimage\"},\"thumbnailUrl\":\"https:\\\/\\\/istanbul-ist-international-airport.com\\\/wp-content\\\/uploads\\\/2025\\\/04\\\/ot-festivali-ertelendi-kopya-800x424-1.jpeg\",\"datePublished\":\"2025-04-15T13:17:44+00:00\",\"author\":{\"@id\":\"https:\\\/\\\/istanbul-ist-international-airport.com\\\/es\\\/#\\\/schema\\\/person\\\/71ece384d901a99eb7f9197b612d8a26\"},\"description\":\"Explore the rescheduled date for the G\u00f6cek Herb Food Festival and its impact on local tourism!\",\"breadcrumb\":{\"@id\":\"https:\\\/\\\/istanbul-ist-international-airport.com\\\/es\\\/blog\\\/gocek-herb-food-festival-rescheduled\\\/#breadcrumb\"},\"inLanguage\":\"es\",\"potentialAction\":[{\"@type\":\"ReadAction\",\"target\":[\"https:\\\/\\\/istanbul-ist-international-airport.com\\\/es\\\/blog\\\/gocek-herb-food-festival-rescheduled\\\/\"]}]},{\"@type\":\"ImageObject\",\"inLanguage\":\"es\",\"@id\":\"https:\\\/\\\/istanbul-ist-international-airport.com\\\/es\\\/blog\\\/gocek-herb-food-festival-rescheduled\\\/#primaryimage\",\"url\":\"https:\\\/\\\/istanbul-ist-international-airport.com\\\/wp-content\\\/uploads\\\/2025\\\/04\\\/ot-festivali-ertelendi-kopya-800x424-1.jpeg\",\"contentUrl\":\"https:\\\/\\\/istanbul-ist-international-airport.com\\\/wp-content\\\/uploads\\\/2025\\\/04\\\/ot-festivali-ertelendi-kopya-800x424-1.jpeg\",\"width\":800,\"height\":424},{\"@type\":\"BreadcrumbList\",\"@id\":\"https:\\\/\\\/istanbul-ist-international-airport.com\\\/es\\\/blog\\\/gocek-herb-food-festival-rescheduled\\\/#breadcrumb\",\"itemListElement\":[{\"@type\":\"ListItem\",\"position\":1,\"name\":\"Home\",\"item\":\"https:\\\/\\\/istanbul-ist-international-airport.com\\\/\"},{\"@type\":\"ListItem\",\"position\":2,\"name\":\"Travel Guide\",\"item\":\"https:\\\/\\\/istanbul-ist-international-airport.com\\\/es\\\/blog\\\/\"},{\"@type\":\"ListItem\",\"position\":3,\"name\":\"G\u00f6cek Herb Food Festival Rescheduled to April 20, 2025\"}]},{\"@type\":\"WebSite\",\"@id\":\"https:\\\/\\\/istanbul-ist-international-airport.com\\\/es\\\/#website\",\"url\":\"https:\\\/\\\/istanbul-ist-international-airport.com\\\/es\\\/\",\"name\":\"Istanbul International Airport (IST) - Turkey&#039;s new airport\",\"description\":\"Navigating Istanbul International Airport: A Traveler\u2019s Guide.\",\"potentialAction\":[{\"@type\":\"SearchAction\",\"target\":{\"@type\":\"EntryPoint\",\"urlTemplate\":\"https:\\\/\\\/istanbul-ist-international-airport.com\\\/es\\\/?s={search_term_string}\"},\"query-input\":{\"@type\":\"PropertyValueSpecification\",\"valueRequired\":true,\"valueName\":\"search_term_string\"}}],\"inLanguage\":\"es\"},{\"@type\":\"Person\",\"@id\":\"https:\\\/\\\/istanbul-ist-international-airport.com\\\/es\\\/#\\\/schema\\\/person\\\/71ece384d901a99eb7f9197b612d8a26\",\"name\":\"anastasia_maisuradze\",\"url\":\"https:\\\/\\\/istanbul-ist-international-airport.com\\\/es\\\/author\\\/anastasia_maisuradze\\\/\"}]}<\/script>\n<!-- \/ Yoast SEO plugin. -->","yoast_head_json":{"title":"G\u00f6cek Herb Food Festival Rescheduled Amid Weather Concerns","description":"Explore the rescheduled date for the G\u00f6cek Herb Food Festival and its impact on local tourism!","robots":{"index":"index","follow":"follow","max-snippet":"max-snippet:-1","max-image-preview":"max-image-preview:large","max-video-preview":"max-video-preview:-1"},"canonical":"https:\/\/istanbul-ist-international-airport.com\/es\/blog\/gocek-herb-food-festival-rescheduled\/","og_locale":"es_ES","og_type":"article","og_title":"G\u00f6cek Herb Food Festival Rescheduled Amid Weather Concerns","og_description":"Explore the rescheduled date for the G\u00f6cek Herb Food Festival and its impact on local tourism!","og_url":"https:\/\/istanbul-ist-international-airport.com\/es\/blog\/gocek-herb-food-festival-rescheduled\/","og_site_name":"Istanbul International Airport (IST) - Turkey&#039;s new airport","article_published_time":"2025-04-15T13:17:44+00:00","og_image":[{"width":800,"height":424,"url":"https:\/\/istanbul-ist-international-airport.com\/wp-content\/uploads\/2025\/04\/ot-festivali-ertelendi-kopya-800x424-1.jpeg","type":"image\/jpeg"}],"author":"anastasia_maisuradze","twitter_card":"summary_large_image","twitter_misc":{"Escrito por":"anastasia_maisuradze","Tiempo de lectura":"4 minutos"},"schema":{"@context":"https:\/\/schema.org","@graph":[{"@type":"Article","@id":"https:\/\/istanbul-ist-international-airport.com\/es\/blog\/gocek-herb-food-festival-rescheduled\/#article","isPartOf":{"@id":"https:\/\/istanbul-ist-international-airport.com\/es\/blog\/gocek-herb-food-festival-rescheduled\/"},"author":{"name":"anastasia_maisuradze","@id":"https:\/\/istanbul-ist-international-airport.com\/es\/#\/schema\/person\/71ece384d901a99eb7f9197b612d8a26"},"headline":"G\u00f6cek Herb Food Festival Rescheduled to April 20, 2025","datePublished":"2025-04-15T13:17:44+00:00","mainEntityOfPage":{"@id":"https:\/\/istanbul-ist-international-airport.com\/es\/blog\/gocek-herb-food-festival-rescheduled\/"},"wordCount":743,"image":{"@id":"https:\/\/istanbul-ist-international-airport.com\/es\/blog\/gocek-herb-food-festival-rescheduled\/#primaryimage"},"thumbnailUrl":"https:\/\/istanbul-ist-international-airport.com\/wp-content\/uploads\/2025\/04\/ot-festivali-ertelendi-kopya-800x424-1.jpeg","articleSection":["News","Stories &amp; Experiences","Travel Inspiration","Trends in Travel &amp; Mobility"],"inLanguage":"es"},{"@type":"WebPage","@id":"https:\/\/istanbul-ist-international-airport.com\/es\/blog\/gocek-herb-food-festival-rescheduled\/","url":"https:\/\/istanbul-ist-international-airport.com\/es\/blog\/gocek-herb-food-festival-rescheduled\/","name":"G\u00f6cek Herb Food Festival Rescheduled Amid Weather Concerns","isPartOf":{"@id":"https:\/\/istanbul-ist-international-airport.com\/es\/#website"},"primaryImageOfPage":{"@id":"https:\/\/istanbul-ist-international-airport.com\/es\/blog\/gocek-herb-food-festival-rescheduled\/#primaryimage"},"image":{"@id":"https:\/\/istanbul-ist-international-airport.com\/es\/blog\/gocek-herb-food-festival-rescheduled\/#primaryimage"},"thumbnailUrl":"https:\/\/istanbul-ist-international-airport.com\/wp-content\/uploads\/2025\/04\/ot-festivali-ertelendi-kopya-800x424-1.jpeg","datePublished":"2025-04-15T13:17:44+00:00","author":{"@id":"https:\/\/istanbul-ist-international-airport.com\/es\/#\/schema\/person\/71ece384d901a99eb7f9197b612d8a26"},"description":"Explore the rescheduled date for the G\u00f6cek Herb Food Festival and its impact on local tourism!","breadcrumb":{"@id":"https:\/\/istanbul-ist-international-airport.com\/es\/blog\/gocek-herb-food-festival-rescheduled\/#breadcrumb"},"inLanguage":"es","potentialAction":[{"@type":"ReadAction","target":["https:\/\/istanbul-ist-international-airport.com\/es\/blog\/gocek-herb-food-festival-rescheduled\/"]}]},{"@type":"ImageObject","inLanguage":"es","@id":"https:\/\/istanbul-ist-international-airport.com\/es\/blog\/gocek-herb-food-festival-rescheduled\/#primaryimage","url":"https:\/\/istanbul-ist-international-airport.com\/wp-content\/uploads\/2025\/04\/ot-festivali-ertelendi-kopya-800x424-1.jpeg","contentUrl":"https:\/\/istanbul-ist-international-airport.com\/wp-content\/uploads\/2025\/04\/ot-festivali-ertelendi-kopya-800x424-1.jpeg","width":800,"height":424},{"@type":"BreadcrumbList","@id":"https:\/\/istanbul-ist-international-airport.com\/es\/blog\/gocek-herb-food-festival-rescheduled\/#breadcrumb","itemListElement":[{"@type":"ListItem","position":1,"name":"Home","item":"https:\/\/istanbul-ist-international-airport.com\/"},{"@type":"ListItem","position":2,"name":"Travel Guide","item":"https:\/\/istanbul-ist-international-airport.com\/es\/blog\/"},{"@type":"ListItem","position":3,"name":"G\u00f6cek Herb Food Festival Rescheduled to April 20, 2025"}]},{"@type":"WebSite","@id":"https:\/\/istanbul-ist-international-airport.com\/es\/#website","url":"https:\/\/istanbul-ist-international-airport.com\/es\/","name":"Istanbul International Airport (IST) - Turkey&#039;s new airport","description":"Navigating Istanbul International Airport: A Traveler\u2019s Guide.","potentialAction":[{"@type":"SearchAction","target":{"@type":"EntryPoint","urlTemplate":"https:\/\/istanbul-ist-international-airport.com\/es\/?s={search_term_string}"},"query-input":{"@type":"PropertyValueSpecification","valueRequired":true,"valueName":"search_term_string"}}],"inLanguage":"es"},{"@type":"Person","@id":"https:\/\/istanbul-ist-international-airport.com\/es\/#\/schema\/person\/71ece384d901a99eb7f9197b612d8a26","name":"anastasia_maisuradze","url":"https:\/\/istanbul-ist-international-airport.com\/es\/author\/anastasia_maisuradze\/"}]}},"views":209,"_links":{"self":[{"href":"https:\/\/istanbul-ist-international-airport.com\/es\/wp-json\/wp\/v2\/posts\/2810","targetHints":{"allow":["GET"]}}],"collection":[{"href":"https:\/\/istanbul-ist-international-airport.com\/es\/wp-json\/wp\/v2\/posts"}],"about":[{"href":"https:\/\/istanbul-ist-international-airport.com\/es\/wp-json\/wp\/v2\/types\/post"}],"author":[{"embeddable":true,"href":"https:\/\/istanbul-ist-international-airport.com\/es\/wp-json\/wp\/v2\/users\/2"}],"replies":[{"embeddable":true,"href":"https:\/\/istanbul-ist-international-airport.com\/es\/wp-json\/wp\/v2\/comments?post=2810"}],"version-history":[{"count":0,"href":"https:\/\/istanbul-ist-international-airport.com\/es\/wp-json\/wp\/v2\/posts\/2810\/revisions"}],"wp:featuredmedia":[{"embeddable":true,"href":"https:\/\/istanbul-ist-international-airport.com\/es\/wp-json\/wp\/v2\/media\/2828"}],"wp:attachment":[{"href":"https:\/\/istanbul-ist-international-airport.com\/es\/wp-json\/wp\/v2\/media?parent=2810"}],"wp:term":[{"taxonomy":"category","embeddable":true,"href":"https:\/\/istanbul-ist-international-airport.com\/es\/wp-json\/wp\/v2\/categories?post=2810"},{"taxonomy":"post_tag","embeddable":true,"href":"https:\/\/istanbul-ist-international-airport.com\/es\/wp-json\/wp\/v2\/tags?post=2810"}],"curies":[{"name":"wp","href":"https:\/\/api.w.org\/{rel}","templated":true}]}}