{"id":2939,"date":"2025-05-01T12:04:56","date_gmt":"2025-05-01T12:04:56","guid":{"rendered":"http:\/\/147.182.243.37\/?p=2939"},"modified":"2025-05-01T12:04:56","modified_gmt":"2025-05-01T12:04:56","slug":"national-sovereignty-childrens-day-fethiye-celebration","status":"publish","type":"post","link":"https:\/\/istanbul-ist-international-airport.com\/it\/blog\/national-sovereignty-childrens-day-fethiye-celebration\/","title":{"rendered":"Fethiye\u2019s Festivities for National Sovereignty and Children\u2019s Day"},"content":{"rendered":"<h2 itemprop=\"alternateName\" class=\"wp-block-heading\">Introduzione a una Celebrazione Speciale<\/h2>\n\n\n\n<p>Il 23 aprile segna una giornata internazionale di commemorazione in Turchia, che funge non solo da tributo alla sovranit\u00e0 del paese, ma anche da sentita celebrazione dedicata ai bambini. Questo giorno incarna una promessa del fondatore della Repubblica turca, Mustafa Kemal Atat\u00fcrk, secondo cui i bambini sono il futuro della nazione. In sostanza, \u00e8 un giorno in cui i bambini prendono il comando dei festeggiamenti, mettendo in mostra la loro importanza nel plasmare un domani luminoso e prospero.<\/p>\n\n\n\n<h2 itemprop=\"alternateName\" class=\"wp-block-heading\">Spiegazione della Giornata della Sovranit\u00e0 Nazionale e dei Bambini<\/h2>\n\n\n\n<p>Il significato di <strong>Festa della sovranit\u00e0 nazionale e dei bambini**\u2014oppure <strong>**La Festa nazionale della sovranit\u00e0 e dei bambini** \u2014 \u00e8 sottolineata dalle sue radici storiche. Il 23 aprile 1920, la Grande Assemblea Nazionale Turca fu inaugurata ad Ankara, a simboleggiare la fondazione della Repubblica e a segnare la transizione del paese verso l'indipendenza e l'autogoverno. L'esistenza del parlamento turco ha sottolineato la sovranit\u00e0 della nazione, un fatto che \u00e8 stato commemorato da quando \u00e8 stato dichiarato festa nazionale nel 1921. Per aggiungere un tocco internazionale, nel 1979 la giornata \u00e8 stata riconosciuta come <strong>**Giornata internazionale dei bambini**, accogliendo migliaia di bambini da tutto il mondo per partecipare ai festeggiamenti.<\/strong><\/strong><\/strong><\/p>\n\n\n\n<h3 itemprop=\"alternateName\" class=\"wp-block-heading\">Celebrazioni locali di Fethiye<\/h3>\n\n\n\n<p>A Fethiye, l'atmosfera del 23 aprile \u00e8 pervasa di eccitazione. Il <strong>Associazione di Fethiye per la Cultura e la Solidariet\u00e0<\/strong>[ ] (FETAV) coordina festivit\u00e0 che uniscono la comunit\u00e0, con i bambini che si fanno avanti. Gli eventi si tengono prevalentemente a <strong>Piazza Be\u015fkaza<\/strong>[ ] (Piazza della citt\u00e0 di Fethiye), creando un vivace centro nevralgico sia per i residenti che per i visitatori.<\/p>\n\n\n\n<h2 itemprop=\"alternateName\" class=\"wp-block-heading\">Attivit\u00e0 ed Eventi a Fethiye<\/h2>\n\n\n\n<h3 itemprop=\"alternateName\" class=\"wp-block-heading\">Cerimonia di deposizione di corone e parata<\/h3>\n\n\n\n<p>La giornata inizia con un commovente <strong>cerimonia di deposizione di una corona<\/strong>[ ] di fronte al monumento di Atat\u00fcrk situato in Piazza Be\u015fkaza. Il sindaco di Fethiye, <strong>Alim Karaca**, si unisce ai bambini e ai loro genitori in questo commovente omaggio. Accompagnato dal <strong>La Banda Municipale di Fethiye**, sfila da <strong>Parco \u00d6zgecan<\/strong>[ ] lungo il pittoresco lungomare di Kordon fino a Be\u015fkaza Meydan\u0131. \u00c8 uno spettacolo da non perdere, con i bambini che fanno da apripista: una vera incarnazione dello spirito della giornata.<\/strong><\/strong><\/p>\n\n\n\n<h3 itemprop=\"alternateName\" class=\"wp-block-heading\">Attivit\u00e0 coinvolgenti per tutte le et\u00e0<\/h3>\n\n\n\n<p>All'arrivo a Be\u015fkaza, i festeggiamenti entrano nel vivo. I bambini si cimentano in una variet\u00e0 di attivit\u00e0 pensate appositamente per loro. Non si tratta solo di intrattenimento, ma di un'opportunit\u00e0 per i pi\u00f9 piccoli di mostrare il loro talento e la loro creativit\u00e0. Dalle esibizioni dei cori scolastici locali ai giochi e alle gare, queste attivit\u00e0 incoraggiano la partecipazione e la gioia tra i giovani.<\/p>\n\n\n\n<h4 class=\"wp-block-heading\">Una Performance Memorabile<\/h4>\n\n\n\n<p>The <strong>Coro di voci bianche di FETAV<\/strong>[ ] spesso guida la folla nel cantare il <strong>L'inno nazionale, Istiklal Mar\u015f\u0131**, un momento che unisce la comunit\u00e0 in un orgoglio condiviso. Dignitari, tra cui il Governatore di Dalaman, partecipano frequentemente a queste celebrazioni, sottolineando la loro importanza all'interno della regione locale.<\/strong><\/p>\n\n\n\n<h3 itemprop=\"alternateName\" class=\"wp-block-heading\">Significato culturale e spirito di comunit\u00e0<\/h3>\n\n\n\n<p>Ci\u00f2 che rende particolarmente speciali le celebrazioni a Fethiye \u00e8 come si fondono <strong>significato culturale<\/strong>[ ] con gioiosa commemorazione. Questa giornata offre alle famiglie l'opportunit\u00e0 di creare legami, mentre i bambini si esibiscono in canti e balli, condividendo le loro interpretazioni dell'orgoglio e dell'unit\u00e0 nazionale. Nonostante l'atmosfera festosa, l'essenza di questa giornata rimane ancorata al suo impegno nell'evidenziare i bambini come pietra angolare della societ\u00e0.<\/p>\n\n\n\n<h4 class=\"wp-block-heading\">Riflessione sul Passato<\/h4>\n\n\n\n<p>Alla fine della giornata, quando il sole tramonta su Fethiye, \u00e8 pi\u00f9 di una semplice festivit\u00e0 pubblica. \u00c8 un giorno pieno di ricordi e promesse per un domani migliore. L'istituzione di questa festivit\u00e0 \u00e8 un promemoria dell'impegno del paese a fornire un ambiente prospero per i suoi futuri leader: i suoi bambini.<\/p>\n\n\n\n<h2 itemprop=\"alternateName\" class=\"wp-block-heading\">Implicazioni per l'Aeroporto Internazionale di Istanbul e l'Aviazione Turca<\/h2>\n\n\n\n<p>Mentre il turismo continua ad aumentare con eventi come questi, <strong>Istanbul Airport<\/strong>[ ] svolge un ruolo fondamentale nell'accogliere i viaggiatori che desiderano vivere i festeggiamenti. Un aumento del turismo orientato alle famiglie pu\u00f2 portare a un incremento del traffico passeggeri in aeroporto, mettendo in mostra la vivace cultura e il patrimonio turco. Inoltre, con il potenziamento dei collegamenti internazionali dell'aviazione turca, individui e famiglie provenienti da ogni angolo del mondo possono partecipare a queste ricche esperienze.<\/p>\n\n\n\n<h3 itemprop=\"alternateName\" class=\"wp-block-heading\">Una Porta sulla Cultura<\/h3>\n\n\n\n<p>Proprio come le risate dei bambini riempiono le strade di Fethiye durante la Festa della Sovranit\u00e0 Nazionale e dei Bambini, l'atmosfera vivace dell'Aeroporto di Istanbul promette alle famiglie in viaggio un ingresso senza intoppi in questa colorata celebrazione. Grazie ai servizi aeroportuali efficienti e a una gamma crescente di rotte di volo, Istanbul sta diventando un punto di riferimento per le famiglie desiderose di esplorare le meraviglie della Turchia. Questo cambiamento nelle dinamiche di viaggio sottolinea il ruolo significativo dell'aeroporto non solo come snodo di viaggio, ma anche come porta attraverso la quale fioriscono gli scambi culturali.<\/p>\n\n\n\n<h2 itemprop=\"alternateName\" class=\"wp-block-heading\">Considerazioni finali sulle celebrazioni culturali in Turchia<\/h2>\n\n\n\n<p>L'importanza della Festa della Sovranit\u00e0 Nazionale e dei Bambini a Fethiye va oltre la semplice festivit\u00e0; rappresenta i valori profondamente radicati in Turchia riguardo alla famiglia, alla comunit\u00e0 e al futuro. Questo evento annuale \u00e8 pi\u00f9 di una celebrazione: \u00e8 un emblema dell'orgoglio nazionale, con un impatto sul turismo locale e sulle dinamiche commerciali, specialmente attraverso punti di riferimento come l'Aeroporto di Istanbul. Mentre i visitatori pianificano viaggi per assistere a queste celebrazioni, non solo abbracciano la ricca storia della Turchia, ma contribuiscono anche al suo dinamico settore dei viaggi.<\/p>\n\n\n\n<h3 itemprop=\"alternateName\" class=\"wp-block-heading\">Riepilogo delle celebrazioni e della loro importanza<\/h3>\n\n\n\n<p>La Festa della Sovranit\u00e0 Nazionale e dei Bambini non \u00e8 solo un giorno dedicato ai bambini, ma anche un giorno che incanta l'intera comunit\u00e0, rafforzando lo spirito di unit\u00e0 e celebrazione. Mentre le famiglie si riuniscono per celebrare l'occasione, l'impatto sul turismo e sull'identit\u00e0 culturale \u00e8 profondo, soprattutto con il ruolo centrale di <strong>Istanbul Airport<\/strong>[ ] come punto di partenza per molti viaggi in Turchia. Tenere d'occhio tali sviluppi non solo migliora i piani di viaggio, ma arricchisce anche la propria comprensione della Turchia come vibrante destinazione culturale. Quindi, che si tratti di esperienze personali o di scambi culturali pi\u00f9 ampi, il dinamismo dell'aviazione e del turismo turco rimane qualcosa da osservare attentamente. Chi lo sa? La Turchia potrebbe essere proprio la gemma nascosta che deve essere nella lista dei viaggi di tutti!<\/p>","protected":false},"excerpt":{"rendered":"<p>April 23rd marks an international day of commemoration in Turkey, serving not only as a tribute to the country\u2019s sovereignty but also as a heartfelt celebration dedicated to children.<\/p>","protected":false},"author":2,"featured_media":3331,"comment_status":"closed","ping_status":"closed","sticky":false,"template":"","format":"standard","meta":{"_acf_changed":false,"fifu_image_url":"","fifu_image_alt":"","footnotes":""},"categories":[33],"tags":[],"class_list":["post-2939","post","type-post","status-publish","format-standard","has-post-thumbnail","hentry","category-news"],"acf":[],"yoast_head":"<!-- This site is optimized with the Yoast SEO plugin v27.5 - https:\/\/yoast.com\/product\/yoast-seo-wordpress\/ -->\n<title>Celebrating National Sovereignty and Children\u2019s Day in Fethiye<\/title>\n<meta name=\"description\" content=\"Explore how Fethiye honors its unique holiday dedicated to children and their future, with festivities that reflect Turkey&#039;s vibrant culture.\" \/>\n<meta name=\"robots\" content=\"index, follow, max-snippet:-1, max-image-preview:large, max-video-preview:-1\" \/>\n<link rel=\"canonical\" href=\"https:\/\/istanbul-ist-international-airport.com\/it\/blog\/national-sovereignty-childrens-day-fethiye-celebration\/\" \/>\n<meta property=\"og:locale\" content=\"it_IT\" \/>\n<meta property=\"og:type\" content=\"article\" \/>\n<meta property=\"og:title\" content=\"Celebrating National Sovereignty and Children\u2019s Day in Fethiye\" \/>\n<meta property=\"og:description\" content=\"Explore how Fethiye honors its unique holiday dedicated to children and their future, with festivities that reflect Turkey&#039;s vibrant culture.\" \/>\n<meta property=\"og:url\" content=\"https:\/\/istanbul-ist-international-airport.com\/it\/blog\/national-sovereignty-childrens-day-fethiye-celebration\/\" \/>\n<meta property=\"og:site_name\" content=\"Istanbul International Airport (IST) - Turkey&#039;s new airport\" \/>\n<meta property=\"article:published_time\" content=\"2025-05-01T12:04:56+00:00\" \/>\n<meta property=\"og:image\" content=\"https:\/\/istanbul-ist-international-airport.com\/wp-content\/uploads\/2025\/05\/img_6306-1024x683-1-1.jpg\" \/>\n\t<meta property=\"og:image:width\" content=\"1024\" \/>\n\t<meta property=\"og:image:height\" content=\"683\" \/>\n\t<meta property=\"og:image:type\" content=\"image\/jpeg\" \/>\n<meta name=\"author\" content=\"anastasia_maisuradze\" \/>\n<meta name=\"twitter:card\" content=\"summary_large_image\" \/>\n<meta name=\"twitter:label1\" content=\"Scritto da\" \/>\n\t<meta name=\"twitter:data1\" content=\"anastasia_maisuradze\" \/>\n\t<meta name=\"twitter:label2\" content=\"Tempo di lettura stimato\" \/>\n\t<meta name=\"twitter:data2\" content=\"5 minuti\" \/>\n<script type=\"application\/ld+json\" class=\"yoast-schema-graph\">{\"@context\":\"https:\\\/\\\/schema.org\",\"@graph\":[{\"@type\":\"Article\",\"@id\":\"https:\\\/\\\/istanbul-ist-international-airport.com\\\/it\\\/blog\\\/national-sovereignty-childrens-day-fethiye-celebration\\\/#article\",\"isPartOf\":{\"@id\":\"https:\\\/\\\/istanbul-ist-international-airport.com\\\/it\\\/blog\\\/national-sovereignty-childrens-day-fethiye-celebration\\\/\"},\"author\":{\"name\":\"anastasia_maisuradze\",\"@id\":\"https:\\\/\\\/istanbul-ist-international-airport.com\\\/it\\\/#\\\/schema\\\/person\\\/71ece384d901a99eb7f9197b612d8a26\"},\"headline\":\"Fethiye&#8217;s Festivities for National Sovereignty and Children\u2019s Day\",\"datePublished\":\"2025-05-01T12:04:56+00:00\",\"mainEntityOfPage\":{\"@id\":\"https:\\\/\\\/istanbul-ist-international-airport.com\\\/it\\\/blog\\\/national-sovereignty-childrens-day-fethiye-celebration\\\/\"},\"wordCount\":963,\"image\":{\"@id\":\"https:\\\/\\\/istanbul-ist-international-airport.com\\\/it\\\/blog\\\/national-sovereignty-childrens-day-fethiye-celebration\\\/#primaryimage\"},\"thumbnailUrl\":\"https:\\\/\\\/istanbul-ist-international-airport.com\\\/wp-content\\\/uploads\\\/2025\\\/05\\\/img_6306-1024x683-1-1.jpg\",\"articleSection\":[\"News\"],\"inLanguage\":\"it-IT\"},{\"@type\":\"WebPage\",\"@id\":\"https:\\\/\\\/istanbul-ist-international-airport.com\\\/it\\\/blog\\\/national-sovereignty-childrens-day-fethiye-celebration\\\/\",\"url\":\"https:\\\/\\\/istanbul-ist-international-airport.com\\\/it\\\/blog\\\/national-sovereignty-childrens-day-fethiye-celebration\\\/\",\"name\":\"Celebrating National Sovereignty and Children\u2019s Day in Fethiye\",\"isPartOf\":{\"@id\":\"https:\\\/\\\/istanbul-ist-international-airport.com\\\/it\\\/#website\"},\"primaryImageOfPage\":{\"@id\":\"https:\\\/\\\/istanbul-ist-international-airport.com\\\/it\\\/blog\\\/national-sovereignty-childrens-day-fethiye-celebration\\\/#primaryimage\"},\"image\":{\"@id\":\"https:\\\/\\\/istanbul-ist-international-airport.com\\\/it\\\/blog\\\/national-sovereignty-childrens-day-fethiye-celebration\\\/#primaryimage\"},\"thumbnailUrl\":\"https:\\\/\\\/istanbul-ist-international-airport.com\\\/wp-content\\\/uploads\\\/2025\\\/05\\\/img_6306-1024x683-1-1.jpg\",\"datePublished\":\"2025-05-01T12:04:56+00:00\",\"author\":{\"@id\":\"https:\\\/\\\/istanbul-ist-international-airport.com\\\/it\\\/#\\\/schema\\\/person\\\/71ece384d901a99eb7f9197b612d8a26\"},\"description\":\"Explore how Fethiye honors its unique holiday dedicated to children and their future, with festivities that reflect Turkey's vibrant culture.\",\"breadcrumb\":{\"@id\":\"https:\\\/\\\/istanbul-ist-international-airport.com\\\/it\\\/blog\\\/national-sovereignty-childrens-day-fethiye-celebration\\\/#breadcrumb\"},\"inLanguage\":\"it-IT\",\"potentialAction\":[{\"@type\":\"ReadAction\",\"target\":[\"https:\\\/\\\/istanbul-ist-international-airport.com\\\/it\\\/blog\\\/national-sovereignty-childrens-day-fethiye-celebration\\\/\"]}]},{\"@type\":\"ImageObject\",\"inLanguage\":\"it-IT\",\"@id\":\"https:\\\/\\\/istanbul-ist-international-airport.com\\\/it\\\/blog\\\/national-sovereignty-childrens-day-fethiye-celebration\\\/#primaryimage\",\"url\":\"https:\\\/\\\/istanbul-ist-international-airport.com\\\/wp-content\\\/uploads\\\/2025\\\/05\\\/img_6306-1024x683-1-1.jpg\",\"contentUrl\":\"https:\\\/\\\/istanbul-ist-international-airport.com\\\/wp-content\\\/uploads\\\/2025\\\/05\\\/img_6306-1024x683-1-1.jpg\",\"width\":1024,\"height\":683},{\"@type\":\"BreadcrumbList\",\"@id\":\"https:\\\/\\\/istanbul-ist-international-airport.com\\\/it\\\/blog\\\/national-sovereignty-childrens-day-fethiye-celebration\\\/#breadcrumb\",\"itemListElement\":[{\"@type\":\"ListItem\",\"position\":1,\"name\":\"Home\",\"item\":\"https:\\\/\\\/istanbul-ist-international-airport.com\\\/\"},{\"@type\":\"ListItem\",\"position\":2,\"name\":\"Travel Guide\",\"item\":\"https:\\\/\\\/istanbul-ist-international-airport.com\\\/it\\\/blog\\\/\"},{\"@type\":\"ListItem\",\"position\":3,\"name\":\"Fethiye&#8217;s Festivities for National Sovereignty and Children\u2019s Day\"}]},{\"@type\":\"WebSite\",\"@id\":\"https:\\\/\\\/istanbul-ist-international-airport.com\\\/it\\\/#website\",\"url\":\"https:\\\/\\\/istanbul-ist-international-airport.com\\\/it\\\/\",\"name\":\"Istanbul International Airport (IST) - Turkey&#039;s new airport\",\"description\":\"Navigating Istanbul International Airport: A Traveler\u2019s Guide.\",\"potentialAction\":[{\"@type\":\"SearchAction\",\"target\":{\"@type\":\"EntryPoint\",\"urlTemplate\":\"https:\\\/\\\/istanbul-ist-international-airport.com\\\/it\\\/?s={search_term_string}\"},\"query-input\":{\"@type\":\"PropertyValueSpecification\",\"valueRequired\":true,\"valueName\":\"search_term_string\"}}],\"inLanguage\":\"it-IT\"},{\"@type\":\"Person\",\"@id\":\"https:\\\/\\\/istanbul-ist-international-airport.com\\\/it\\\/#\\\/schema\\\/person\\\/71ece384d901a99eb7f9197b612d8a26\",\"name\":\"anastasia_maisuradze\",\"url\":\"https:\\\/\\\/istanbul-ist-international-airport.com\\\/it\\\/author\\\/anastasia_maisuradze\\\/\"}]}<\/script>\n<!-- \/ Yoast SEO plugin. -->","yoast_head_json":{"title":"Celebrazione della Giornata della Sovranit\u00e0 Nazionale e dei Bambini a Fethiye","description":"Scopri come Fethiye celebra la sua festa unica dedicata ai bambini e al loro futuro, con festeggiamenti che riflettono la vivace cultura turca.","robots":{"index":"index","follow":"follow","max-snippet":"max-snippet:-1","max-image-preview":"max-image-preview:large","max-video-preview":"max-video-preview:-1"},"canonical":"https:\/\/istanbul-ist-international-airport.com\/it\/blog\/national-sovereignty-childrens-day-fethiye-celebration\/","og_locale":"it_IT","og_type":"article","og_title":"Celebrating National Sovereignty and Children\u2019s Day in Fethiye","og_description":"Explore how Fethiye honors its unique holiday dedicated to children and their future, with festivities that reflect Turkey's vibrant culture.","og_url":"https:\/\/istanbul-ist-international-airport.com\/it\/blog\/national-sovereignty-childrens-day-fethiye-celebration\/","og_site_name":"Istanbul International Airport (IST) - Turkey&#039;s new airport","article_published_time":"2025-05-01T12:04:56+00:00","og_image":[{"width":1024,"height":683,"url":"https:\/\/istanbul-ist-international-airport.com\/wp-content\/uploads\/2025\/05\/img_6306-1024x683-1-1.jpg","type":"image\/jpeg"}],"author":"anastasia_maisuradze","twitter_card":"summary_large_image","twitter_misc":{"Scritto da":"anastasia_maisuradze","Tempo di lettura stimato":"5 minuti"},"schema":{"@context":"https:\/\/schema.org","@graph":[{"@type":"Article","@id":"https:\/\/istanbul-ist-international-airport.com\/it\/blog\/national-sovereignty-childrens-day-fethiye-celebration\/#article","isPartOf":{"@id":"https:\/\/istanbul-ist-international-airport.com\/it\/blog\/national-sovereignty-childrens-day-fethiye-celebration\/"},"author":{"name":"anastasia_maisuradze","@id":"https:\/\/istanbul-ist-international-airport.com\/it\/#\/schema\/person\/71ece384d901a99eb7f9197b612d8a26"},"headline":"Fethiye&#8217;s Festivities for National Sovereignty and Children\u2019s Day","datePublished":"2025-05-01T12:04:56+00:00","mainEntityOfPage":{"@id":"https:\/\/istanbul-ist-international-airport.com\/it\/blog\/national-sovereignty-childrens-day-fethiye-celebration\/"},"wordCount":963,"image":{"@id":"https:\/\/istanbul-ist-international-airport.com\/it\/blog\/national-sovereignty-childrens-day-fethiye-celebration\/#primaryimage"},"thumbnailUrl":"https:\/\/istanbul-ist-international-airport.com\/wp-content\/uploads\/2025\/05\/img_6306-1024x683-1-1.jpg","articleSection":["News"],"inLanguage":"it-IT"},{"@type":"WebPage","@id":"https:\/\/istanbul-ist-international-airport.com\/it\/blog\/national-sovereignty-childrens-day-fethiye-celebration\/","url":"https:\/\/istanbul-ist-international-airport.com\/it\/blog\/national-sovereignty-childrens-day-fethiye-celebration\/","name":"Celebrazione della Giornata della Sovranit\u00e0 Nazionale e dei Bambini a Fethiye","isPartOf":{"@id":"https:\/\/istanbul-ist-international-airport.com\/it\/#website"},"primaryImageOfPage":{"@id":"https:\/\/istanbul-ist-international-airport.com\/it\/blog\/national-sovereignty-childrens-day-fethiye-celebration\/#primaryimage"},"image":{"@id":"https:\/\/istanbul-ist-international-airport.com\/it\/blog\/national-sovereignty-childrens-day-fethiye-celebration\/#primaryimage"},"thumbnailUrl":"https:\/\/istanbul-ist-international-airport.com\/wp-content\/uploads\/2025\/05\/img_6306-1024x683-1-1.jpg","datePublished":"2025-05-01T12:04:56+00:00","author":{"@id":"https:\/\/istanbul-ist-international-airport.com\/it\/#\/schema\/person\/71ece384d901a99eb7f9197b612d8a26"},"description":"Scopri come Fethiye celebra la sua festa unica dedicata ai bambini e al loro futuro, con festeggiamenti che riflettono la vivace cultura turca.","breadcrumb":{"@id":"https:\/\/istanbul-ist-international-airport.com\/it\/blog\/national-sovereignty-childrens-day-fethiye-celebration\/#breadcrumb"},"inLanguage":"it-IT","potentialAction":[{"@type":"ReadAction","target":["https:\/\/istanbul-ist-international-airport.com\/it\/blog\/national-sovereignty-childrens-day-fethiye-celebration\/"]}]},{"@type":"ImageObject","inLanguage":"it-IT","@id":"https:\/\/istanbul-ist-international-airport.com\/it\/blog\/national-sovereignty-childrens-day-fethiye-celebration\/#primaryimage","url":"https:\/\/istanbul-ist-international-airport.com\/wp-content\/uploads\/2025\/05\/img_6306-1024x683-1-1.jpg","contentUrl":"https:\/\/istanbul-ist-international-airport.com\/wp-content\/uploads\/2025\/05\/img_6306-1024x683-1-1.jpg","width":1024,"height":683},{"@type":"BreadcrumbList","@id":"https:\/\/istanbul-ist-international-airport.com\/it\/blog\/national-sovereignty-childrens-day-fethiye-celebration\/#breadcrumb","itemListElement":[{"@type":"ListItem","position":1,"name":"Home","item":"https:\/\/istanbul-ist-international-airport.com\/"},{"@type":"ListItem","position":2,"name":"Travel Guide","item":"https:\/\/istanbul-ist-international-airport.com\/it\/blog\/"},{"@type":"ListItem","position":3,"name":"Fethiye&#8217;s Festivities for National Sovereignty and Children\u2019s Day"}]},{"@type":"WebSite","@id":"https:\/\/istanbul-ist-international-airport.com\/it\/#website","url":"https:\/\/istanbul-ist-international-airport.com\/it\/","name":"Istanbul International Airport (IST) - Turkey&#039;s new airport","description":"Navigating Istanbul International Airport: A Traveler\u2019s Guide.","potentialAction":[{"@type":"SearchAction","target":{"@type":"EntryPoint","urlTemplate":"https:\/\/istanbul-ist-international-airport.com\/it\/?s={search_term_string}"},"query-input":{"@type":"PropertyValueSpecification","valueRequired":true,"valueName":"search_term_string"}}],"inLanguage":"it-IT"},{"@type":"Person","@id":"https:\/\/istanbul-ist-international-airport.com\/it\/#\/schema\/person\/71ece384d901a99eb7f9197b612d8a26","name":"anastasia_maisuradze","url":"https:\/\/istanbul-ist-international-airport.com\/it\/author\/anastasia_maisuradze\/"}]}},"views":170,"_links":{"self":[{"href":"https:\/\/istanbul-ist-international-airport.com\/it\/wp-json\/wp\/v2\/posts\/2939","targetHints":{"allow":["GET"]}}],"collection":[{"href":"https:\/\/istanbul-ist-international-airport.com\/it\/wp-json\/wp\/v2\/posts"}],"about":[{"href":"https:\/\/istanbul-ist-international-airport.com\/it\/wp-json\/wp\/v2\/types\/post"}],"author":[{"embeddable":true,"href":"https:\/\/istanbul-ist-international-airport.com\/it\/wp-json\/wp\/v2\/users\/2"}],"replies":[{"embeddable":true,"href":"https:\/\/istanbul-ist-international-airport.com\/it\/wp-json\/wp\/v2\/comments?post=2939"}],"version-history":[{"count":0,"href":"https:\/\/istanbul-ist-international-airport.com\/it\/wp-json\/wp\/v2\/posts\/2939\/revisions"}],"wp:featuredmedia":[{"embeddable":true,"href":"https:\/\/istanbul-ist-international-airport.com\/it\/wp-json\/wp\/v2\/media\/3331"}],"wp:attachment":[{"href":"https:\/\/istanbul-ist-international-airport.com\/it\/wp-json\/wp\/v2\/media?parent=2939"}],"wp:term":[{"taxonomy":"category","embeddable":true,"href":"https:\/\/istanbul-ist-international-airport.com\/it\/wp-json\/wp\/v2\/categories?post=2939"},{"taxonomy":"post_tag","embeddable":true,"href":"https:\/\/istanbul-ist-international-airport.com\/it\/wp-json\/wp\/v2\/tags?post=2939"}],"curies":[{"name":"wp","href":"https:\/\/api.w.org\/{rel}","templated":true}]}}