{"id":4292,"date":"2025-09-17T07:07:15","date_gmt":"2025-09-17T04:07:15","guid":{"rendered":"http:\/\/147.182.243.37\/urbanism-modernity-and-nation-building-in-ankara-the-birth-of-turkeys-capital-in-the-early-republic\/"},"modified":"2025-09-17T07:07:15","modified_gmt":"2025-09-17T04:07:15","slug":"urbanism-modernity-and-nation-building-in-ankara-the-birth-of-turkeys-capital-in-the-early-republic","status":"publish","type":"post","link":"https:\/\/istanbul-ist-international-airport.com\/pt\/blog\/urbanism-modernity-and-nation-building-in-ankara-the-birth-of-turkeys-capital-in-the-early-republic\/","title":{"rendered":"Urbanismo, Modernidade e Constru\u00e7\u00e3o da Na\u00e7\u00e3o em Ankara \u2013 O Nascimento da Capital da Turquia no In\u00edcio da Rep\u00fablica"},"content":{"rendered":"<p><\/p>\n<p><strong>Comece com um plano concreto<\/strong> para ancorar Ancara como o centro da governa\u00e7\u00e3o e da cultura, constru\u00eddo em torno de um aspeto pr\u00e1tico <strong>estrutura<\/strong> que poderia unir ambi\u00e7\u00f5es regionais com prioridades nacionais. No <em>27.\u00ba<\/em> ano da rep\u00fablica, a Brave em parceria com a vontade p\u00fablica ir\u00e3o implementar este esfor\u00e7o conjunto.<\/p>\n<p>A pr\u00e1tica de planeamento mistura vocabul\u00e1rio europeu e turco, onde o urbanismo de Ancara se traduz numa experi\u00eancia integrada de mobilidade, espa\u00e7o p\u00fablico e servi\u00e7os, com as condi\u00e7\u00f5es clim\u00e1ticas a influenciar. <strong>ci\u00eancia<\/strong>-design e impulsionamento orientados por LEDs <strong>efici\u00eancia<\/strong>. Esta abordagem reconhece a massividade como escala c\u00edvica que se l\u00ea como ordem leg\u00edvel, enquanto que a governa\u00e7\u00e3o se traduz numa presta\u00e7\u00e3o de servi\u00e7os duradoura na paisagem em evolu\u00e7\u00e3o da capital. A ideia estende-se a <em>cidades<\/em> como pontos de refer\u00eancia para quarteir\u00f5es compactos e humanos dentro de uma metr\u00f3pole extensa.<\/p>\n<p>No in\u00edcio da rep\u00fablica, o projeto de capital de Ancara tratava a governa\u00e7\u00e3o como um sistema integrado, emparelhando infraestruturas com habita\u00e7\u00e3o e servi\u00e7os p\u00fablicos. A experi\u00eancia baseou-se em ci\u00eancia cuidada, economia urbana e planeamento energ\u00e9tico. Planeadores e <strong>partners<\/strong> oriundos de diversas origens, incluindo interc\u00e2mbios com institui\u00e7\u00f5es e empresas de Illinois, poderiam partilhar m\u00e9todos enquanto desenvolvem modelos flex\u00edveis em vez de copiarem um \u00fanico modelo.<\/p>\n<p>A constru\u00e7\u00e3o da na\u00e7\u00e3o depende do urbanismo simb\u00f3lico e funcional. O plano de Ancara encara o centro como um palco vivo onde monumentos, vida de rua e agrupamentos administrativos atuam em conjunto. A magnitude do projeto \u00e9 aproveitada atrav\u00e9s de blocos modulares, corredores verdes e transporte integrado que torna a cidade leg\u00edvel e acolhedora para residentes e visitantes \u2013 unidos por uma sensa\u00e7\u00e3o partilhada de que o espa\u00e7o p\u00fablico pertence a todos.<\/p>\n<p>Para traduzir ideias em pr\u00e1tica, as autoridades devem desenvolver um or\u00e7amento transparente e um plano de comunica\u00e7\u00e3o, enquanto o feedback c\u00edvico cont\u00ednuo mant\u00e9m o eleitorado envolvido para que a vis\u00e3o possa ser vendida \u00e0s comunidades locais. Esta abordagem alinha projetos-piloto de curto prazo com efeitos a longo prazo, garantindo a continuidade atrav\u00e9s das mudan\u00e7as de governo.<\/p>\n<h2 itemprop=\"alternateName\">Grelha Urbana e Espa\u00e7o P\u00fablico: delineando a hierarquia das ruas, dimens\u00f5es dos quarteir\u00f5es e pra\u00e7as centrais<\/h2>\n<p>Recomenda\u00e7\u00e3o: Implementar uma grelha de tr\u00eas n\u00edveis com uma proeminente espinha c\u00edvica localizada para maximizar o acesso ao local, corredores secund\u00e1rios que conectam os distritos e ruas locais que unem os quarteir\u00f5es em c\u00e9lulas pedonais. Manter a profundidade dos quarteir\u00f5es no intervalo de 80\u2013120 metros para suportar atividade de uso misto sem isolar parcelas; projetar pra\u00e7as centrais de 1\u20132 hectares para receber mercados, performances e encontros quotidianos sem obstruir o fluxo de tr\u00e2nsito.<\/p>\n<ul>\n<li><strong>Hierarquia e localiza\u00e7\u00e3o de ruas<\/strong>: Estabelecer uma espinha dorsal principal que governe a orienta\u00e7\u00e3o entre regi\u00f5es, com interse\u00e7\u00f5es regulares que criem quarteir\u00f5es leg\u00edveis para as pessoas. As ruas secund\u00e1rias cruzam a espinha dorsal em intervalos consistentes, fomentando padr\u00f5es de permeabilidade e uma alian\u00e7a entre pe\u00f5es e retalho local. Integrar o retalho ao longo das fachadas para dinamizar as ruas sem comprometer a seguran\u00e7a; alinhar as passagens a cada 150\u2013250 metros para manter um movimento fluido.<\/li>\n<li><strong>Tamanhos de bloco e geometria<\/strong>: Privilegiar quarteir\u00f5es retangulares com comprimentos de 80\u2013120 metros e larguras de 60\u201390 metros para equilibrar a densidade e a acessibilidade. Permitir pequenas irregularidades onde a topografia ou restri\u00e7\u00f5es patrimoniais o exigirem, mas preservar o ritmo da grelha para garantir uma orienta\u00e7\u00e3o previs\u00edvel. Alinhar as linhas de telhado e os recuos dos andares superiores para minimizar o sombreamento nas rotas de pe\u00f5es e proteger o acesso solar para utiliza\u00e7\u00f5es no r\u00e9s do ch\u00e3o.<\/li>\n<li><strong>Pra\u00e7as centrais e espa\u00e7os \u00e2ncora<\/strong>: Colocar um grande quadrado em cruzamentos importantes das principais vias e pra\u00e7as nodais menores nos centros de bairro. Recomendar pra\u00e7as principais de 1\u20132 hectares e pra\u00e7as de bairro de 0,3\u20130,6 hectares. As extremidades das pra\u00e7as devem ser perme\u00e1veis, com m\u00faltiplos pontos de entrada, bancos com sombra e com\u00e9rcio ou caf\u00e9s adjacentes ao n\u00edvel do solo para apoiar a atividade cont\u00ednua. Garantir que as pra\u00e7as se conectem a paragens de transportes p\u00fablicos e a parques para sustentar a vida cont\u00ednua; os padr\u00f5es de movimento seguem ritmos di\u00e1rios e ciclos sazonais.<\/li>\n<\/ul>\n<p>Notas de implementa\u00e7\u00e3o: Mapear restri\u00e7\u00f5es espec\u00edficas da localiza\u00e7\u00e3o, como \u00e1rvores existentes, telhados e cursos de \u00e1gua; convocar um conselho de planeamento para validar os comprimentos dos quarteir\u00f5es e as localiza\u00e7\u00f5es das pra\u00e7as. Utilizar uma abordagem modular que emergiu de estudos de Jenks e Hamzah, e recorrer a Iwanami e Salet para informar as micro-parceliza\u00e7\u00f5es e as estrat\u00e9gias de vida p\u00fablica. Consultar https:\/\/example.org\/urban\/grid para dados de refer\u00eancia abertos e adaptar a grelha numa regi\u00e3o selecionada primeiro, antes de dimensionar para o resto da cidade. A abordagem relaciona-se cada vez mais com os princ\u00edpios empresariais e c\u00edvicos, equilibrando a efici\u00eancia com a humanidade e a adaptabilidade.<\/p>\n<p>Na pr\u00e1tica, a grelha deve funcionar sem comprometer a seguran\u00e7a dos pe\u00f5es ou a vitalidade do com\u00e9rcio a retalho. Uma alian\u00e7a entre residentes, comerciantes e autoridades \u00e9 essencial: alinhar o zoneamento com corredores selecionados, criar espa\u00e7os p\u00fablicos flex\u00edveis que possam acolher eventos tipo congresso e manter uma revis\u00e3o ao n\u00edvel da dire\u00e7\u00e3o para monitorizar m\u00e9tricas de desempenho como o n\u00famero de visitantes, o tempo de perman\u00eancia e a acessibilidade para pessoas com necessidades de mobilidade. Ao seguir estes aspetos, o tecido urbano de uma capital pode evoluir atrav\u00e9s de medidas pr\u00e1ticas que respondem \u00e0s condi\u00e7\u00f5es espec\u00edficas do local, mantendo-se escal\u00e1vel para o crescimento futuro e para a mudan\u00e7a dos sistemas de mobilidade, tal como algumas regi\u00f5es demonstraram em projetos-piloto e estudos mais alargados.<\/p>\n<h2 itemprop=\"alternateName\">Habita\u00e7\u00e3o, Equipamentos Sociais e Bairros: planeamento para uma popula\u00e7\u00e3o migrante e de funcion\u00e1rios p\u00fablicos<\/h2>\n<p>Priorizar habita\u00e7\u00e3o mista que agrupe agregados familiares de migrantes e funcion\u00e1rios p\u00fablicos perto dos locais de trabalho e servi\u00e7os essenciais para reduzir o tempo de desloca\u00e7\u00e3o e fortalecer a vida de bairro. Esta abordagem de moderniza\u00e7\u00e3o, ecoada numa an\u00e1lise republicana inicial e reimpressa em v\u00e1rios livros, deve orientar os primeiros planos do local e as etapas de implementa\u00e7\u00e3o. Fundamentar a estrat\u00e9gia em princ\u00edpios de calthorpe inspirados em quarteir\u00f5es pedonais, espa\u00e7os p\u00fablicos em camadas e uma hierarquia clara de ruas que ligue as casas ao trabalho, \u00e0s escolas e aos servi\u00e7os, promovendo uma melhor integra\u00e7\u00e3o social desde o primeiro dia.<\/p>\n<p>Projetar o tecido urbano com uma malha de gr\u00e3o fino que suporte diversos usos num raio compacto. Posicionar habita\u00e7\u00f5es em clusters em torno de uma rede de ruas luminosas e pequenas pra\u00e7as, garantindo que 60\u201370% das novas unidades se situem a 400\u2013600 metros de um centro de bairro. Fornecer uma mistura de blocos de apartamentos e moradias familiares para acomodar agregados familiares em desenvolvimento e residentes de longa dura\u00e7\u00e3o, preservando simultaneamente lotes flex\u00edveis que se possam adaptar \u00e0s mudan\u00e7as de popula\u00e7\u00e3o no territ\u00f3rio ao longo do tempo. Este esquema do local reduz a procura de energia, acelera o acesso \u00e0s instala\u00e7\u00f5es e refor\u00e7a o sentido de lugar tanto para migrantes como para funcion\u00e1rios p\u00fablicos.<\/p>\n<p>Alocar equipamentos sociais de f\u00e1cil acesso a todos os blocos: uma escola prim\u00e1ria e uma cl\u00ednica a 800\u20131000 metros, um mercado ou centro comunit\u00e1rio a 400\u2013600 metros, e espa\u00e7os de creche e biblioteca distribu\u00eddos para apoiar a diversidade da vida familiar. Incluir locais de culto, espa\u00e7os para jovens e campos de desporto ou recrea\u00e7\u00e3o para apoiar as necessidades di\u00e1rias e a intera\u00e7\u00e3o social. Uma rede de equipamentos bem localizada ajuda a prevenir o isolamento, apoia a diversidade dentro do bairro e minimiza o tempo de desloca\u00e7\u00e3o perdido \u2013 fundamental para o progresso nos primeiros anos de crescimento da capital.<\/p>\n<p>Integrar considera\u00e7\u00f5es ambientais e clim\u00e1ticas no plano. Utilizar estrat\u00e9gias de arrefecimento passivo e ilumina\u00e7\u00e3o natural para reduzir o consumo de energia, selecionar materiais locais e conceber tendo em conta os padr\u00f5es de vento e o acesso solar para minimizar as cargas de aquecimento e arrefecimento. Implementar uma gest\u00e3o eficiente de res\u00edduos e de \u00e1gua, reutilizar \u00e1guas cinzentas sempre que poss\u00edvel e criar zonas verdes de prote\u00e7\u00e3o para melhorar a qualidade do ar e os microclimas. Estas escolhas protegem os residentes do stress ambiental, apoiam a gest\u00e3o de recursos e contribuem para uma vida urbana mais saud\u00e1vel numa metr\u00f3pole em desenvolvimento que procura um futuro melhor.<\/p>\n<p>Fundamentar o processo em evid\u00eancias provenientes de an\u00e1lises urbanas ao estilo de Harvard e de uma revis\u00e3o bibliogr\u00e1fica mais ampla, incluindo refer\u00eancias encontradas em livros e artigos de planeamento antigos. Construir um processo faseado com marcos claros, permitindo ajustes \u00e0 medida que os totais populacionais e as necessidades se alteram. Realizar uma pesquisa e recolha de dados cont\u00ednuas sobre fluxos populacionais, padr\u00f5es de emprego e utiliza\u00e7\u00e3o de servi\u00e7os para refinar a densidade, planear novos bairros e alinhar o progresso com os objetivos nacionais e locais. Monitorizar indicadores como tempos de acesso, intensidade energ\u00e9tica, produ\u00e7\u00e3o de res\u00edduos por agregado familiar e a percentagem de residentes a uma dist\u00e2ncia a p\u00e9 de servi\u00e7os essenciais, e depois iterar os planos para melhorar os resultados para todos os residentes, incluindo migrantes e funcion\u00e1rios p\u00fablicos, mantendo ao mesmo tempo a diversidade cultural e social dentro do territ\u00f3rio urbano em evolu\u00e7\u00e3o da cidade.<\/p>\n<h2 itemprop=\"alternateName\">Arquitetura Monumental e Identidade C\u00edvica: localizando edif\u00edcios simb\u00f3licos e a sua influ\u00eancia urbana<\/h2>\n<p><img decoding=\"async\" itemprop=\"image\" src=\"\/wp-content\/images\/urbanism-modernity-and-nation-building-in-ankara-the-birth-of-turkeys--h4ksxlvw.jpg\" alt=\"Arquitetura Monumental e Identidade C\u00edvica: localizando edif\u00edcios simb\u00f3licos e a sua influ\u00eancia urbana\"><\/p>\n<p>Identifique An\u0131tkabir como a \u00e2ncora central e mapeie o seu eixo em dire\u00e7\u00e3o a Ulus e ao complexo do Parlamento para revelar como a linha molda redes de ruas, rotas cerimoniais e a demarca\u00e7\u00e3o de espa\u00e7os p\u00fablicos.<\/p>\n<p>Em Ancara, os projetos que celebram a soberania moderna ligam a volumetria monumental \u00e0 fun\u00e7\u00e3o urbana. A tr\u00edade de An\u0131tkabir, o Edif\u00edcio da Grande Assembleia Nacional e a Mesquita de Kocatepe cria pontos de orienta\u00e7\u00e3o que superam os marcos gen\u00e9ricos. Estas estruturas funcionam como n\u00f3s de mem\u00f3ria, centros administrativos e limiares espirituais, guiando fluxos pedonais, corredores de autocarros e alinhamentos de tr\u00e2nsito r\u00e1pido. Tais planos estabelecem um continuum entre centros c\u00edvicos e quarteir\u00f5es residenciais, refor\u00e7ando uma cultura nacional atrav\u00e9s da presen\u00e7a material e da disciplina espacial.<\/p>\n<p>Um atlas da cidade mostra como a massa, a escala e a luz operam nestes interiores e exteriores. O p\u00e1tio dianteiro de An\u0131tkabir encena luz controlada e percursos de prociss\u00e3o, enquanto o edif\u00edcio da assembleia usa corredores axiais para validar o procedimento parlamentar no espa\u00e7o p\u00fablico. A mesquita localiza um eixo de f\u00e9 que alarga o apelo da cidade para al\u00e9m dos distritos administrativos. Considera\u00e7\u00f5es de engenharia \u2013 estruturas, espa\u00e7amento de colunas e drenagem \u2013 sustentam estas qualidades simb\u00f3licas, garantindo a estabilidade a longo prazo para as cerim\u00f3nias que assinalam o mil\u00e9nio da Turquia moderna. Uma nota de rodap\u00e9 no arquivo destaca a precis\u00e3o do eixo e o alinhamento com as principais avenidas, um detalhe reimpresso em boletins posteriores para orientar as renova\u00e7\u00f5es subsequentes e a manuten\u00e7\u00e3o do local.<\/p>\n<p>Estudos comparativos, incluindo Vancouver e outras capitais, mostram que tais edif\u00edcios simb\u00f3licos concentram energia social em centros espec\u00edficos. A perce\u00e7\u00e3o mais importante \u00e9 que a identidade c\u00edvica se solidifica quando a arquitetura comunica atrav\u00e9s de experi\u00eancias interiores e de visibilidade exterior. Estas transforma\u00e7\u00f5es \u2013 em planta, volumetria e fun\u00e7\u00e3o ritual \u2013 criam um n\u00facleo vis\u00edvel que ancora a vida urbana, permitindo simultaneamente que os distritos perif\u00e9ricos cres\u00e7am atrav\u00e9s de materiais bem validados e com consci\u00eancia de carbono, e de uma estrutura duradoura.<\/p>\n<h3 itemprop=\"alternateName\">Edif\u00edcios Simb\u00f3licos como Catalisadores Urbanos<\/h3>\n<p>Estas estruturas atuam como catalisadores para a pr\u00e1tica do planeamento e para a vida p\u00fablica. Os seus interiores aproveitam a luz para transmitir uma transpar\u00eancia na governa\u00e7\u00e3o e hospitalidade no ritual p\u00fablico, enquanto os seus exteriores projetam poder e continuidade. As plantas enfatizam as liga\u00e7\u00f5es centro-a-centro para a luz, as linhas de vis\u00e3o e os percursos cerimoniais. O mais essencial \u00e9 a forma como estes s\u00edmbolos convidam \u00e0 valida\u00e7\u00e3o cont\u00ednua da mem\u00f3ria da cidade atrav\u00e9s de eventos e comemora\u00e7\u00f5es anuais, o que mant\u00e9m o calend\u00e1rio c\u00edvico ativo e ressoa nas gera\u00e7\u00f5es mais jovens que percebem a continuidade com as aspira\u00e7\u00f5es milenares da rep\u00fablica.<\/p>\n<h3 itemprop=\"alternateName\">L\u00f3gica Espacial, Pr\u00e1tica Material e Governan\u00e7a<\/h3>\n<p>As escolhas de engenharia traduzem o simbolismo numa forma duradoura. O uso de pedra e bet\u00e3o armado produz uma massa que comanda a aten\u00e7\u00e3o \u00e0 dist\u00e2ncia e resiste ao tempo, enquanto os arranjos interiores criam hierarquias espaciais para assembleias, capelas e museus. Estas decis\u00f5es afetam os centros urbanos ao moldar interse\u00e7\u00f5es de tr\u00e1fego, pra\u00e7as p\u00fablicas e margens verdes, refor\u00e7ando uma narrativa de governa\u00e7\u00e3o no quotidiano. Planos e revis\u00f5es \u2013 documentados em boletins oficiais e relat\u00f3rios de valida\u00e7\u00e3o \u2013 refletem as necessidades p\u00fablicas em mudan\u00e7a, preservando o n\u00facleo simb\u00f3lico. O tecido urbano resultante torna-se um atlas vivo da mem\u00f3ria, onde os interiores oferecem contempla\u00e7\u00e3o e os exteriores acolhem a a\u00e7\u00e3o c\u00edvica, um equil\u00edbrio que sustenta a continuidade cultural em meio a r\u00e1pidas transforma\u00e7\u00f5es urbanas.<\/p>\n<table>\n<tr>\n<th>Edif\u00edcio<\/th>\n<th>Ano\/Destaque<\/th>\n<th>Papel Simb\u00f3lico<\/th>\n<th>Influ\u00eancia Urbana<\/th>\n<\/tr>\n<tr>\n<td>An\u0131tkabir<\/td>\n<td>1953<\/td>\n<td>\u00c2ncora da mem\u00f3ria nacional<\/td>\n<td>Eixo central, percursos cerimoniais, espa\u00e7os p\u00fablicos de reuni\u00e3o<\/td>\n<\/tr>\n<tr>\n<td>Grande Assembleia Nacional da Turquia (TBMM)<\/td>\n<td>1924<\/td>\n<td>Modernidade constitucional<\/td>\n<td>N\u00facleo administrativo, ruas relacionadas com a governa\u00e7\u00e3o, treino de rotinas c\u00edvicas<\/td>\n<\/tr>\n<tr>\n<td>Mesquita de Kocatepe<\/td>\n<td>1987<\/td>\n<td>Centro espiritual<\/td>\n<td>\u00c2ncora de expans\u00e3o a norte, principais intersec\u00e7\u00f5es de avenidas<\/td>\n<\/tr>\n<\/table>\n<h2 itemprop=\"alternateName\">Integra\u00e7\u00e3o de Transportes e Centros Administrativos: interligando redes ferrovi\u00e1rias e rodovi\u00e1rias, minist\u00e9rios e distritos governamentais<\/h2>\n<h3 itemprop=\"alternateName\">Corredores integrados e governa\u00e7\u00e3o de zonas.<\/h3>\n<p>Implementar uma estrat\u00e9gia unificada de centro de transportes que ligue os centros ferrovi\u00e1rios, o aeroporto e os distritos ministeriais numa espinha dorsal \u00fanica e pedonal. Esta alian\u00e7a liga a ferrovia, as redes rodovi\u00e1rias e as ruas din\u00e2micas, criando um verdadeiro centro para a governa\u00e7\u00e3o e a vida p\u00fablica, impulsionando o bem-estar da popula\u00e7\u00e3o no contexto da rep\u00fablica turca. O plano centra-se num alinhamento \u00e0 escala da cidade que reduz os conflitos de tr\u00e1fego cruzado e acelera o acesso entre ag\u00eancias, campus e blocos residenciais.<\/p>\n<p>Estabelecer uma espinha dorsal central que ligue o terminal ferrovi\u00e1rio principal ao recinto governamental e aos principais blocos ministeriais. Criar separa\u00e7\u00e3o de n\u00edveis nas principais intersec\u00e7\u00f5es ferrovi\u00e1rias, um corredor de tr\u00e2nsito r\u00e1pido de autocarros e uma rede de seis a oito intersec\u00e7\u00f5es nodais onde os minist\u00e9rios se agrupam. Adicionar parques de estacionamento perif\u00e9ricos, requalificar ruas cruciais para prioridade pedonal e estender ciclovias para ligar bairros, per\u00edmetros rurais e a liga\u00e7\u00e3o ao aeroporto. Estas medidas servem tanto os trabalhadores como os cidad\u00e3os, melhorando a mobilidade di\u00e1ria e apoiando a moderniza\u00e7\u00e3o sem descurar as necessidades locais.<\/p>\n<p>A abordagem baseia-se em modelos que relacionam mobilidade e governa\u00e7\u00e3o, recorrendo ao estudo de Davis, Thomas, Fuentes, Echenique e Iwanami. O exemplo de Kowloon oferece uma declara\u00e7\u00e3o sobre como um corredor denso pode unir ferrovia, estrada e espa\u00e7o p\u00fablico num todo funcional. Esse estudo criou um modelo replic\u00e1vel para o centro de Ancara, orientando a coordena\u00e7\u00e3o setorial e o sequenciamento de projetos, de modo a que os investimentos em transportes reforcem o agrupamento administrativo, em vez de competirem com ele.<\/p>\n<h2 itemprop=\"alternateName\">Design Sustent\u00e1vel e Resili\u00eancia Futura: Primeiras Li\u00e7\u00f5es para Infraestruturas Adapt\u00e1veis e Espa\u00e7os Verdes<\/h2>\n<p>Adote um plano de infraestruturas modular, preparado para o clima, que combine servi\u00e7os fixos com layouts de rua flex\u00edveis e zonas verdes de amortecimento; aloque 30\u201340% dos novos quarteir\u00f5es para espa\u00e7os verdes multiusos que funcionem como reten\u00e7\u00e3o de \u00e1guas pluviais e mitiga\u00e7\u00e3o do calor. Copenhaga demonstra um design priorit\u00e1rio para o ciclismo e quarteir\u00f5es compactos que reduzem as viagens de carro, enquanto Vancouver e York demonstram como os corredores verdes conectam bairros, preservando a grandiosidade no n\u00facleo urbano.<\/p>\n<p>A valida\u00e7\u00e3o assenta em ci\u00eancias e investiga\u00e7\u00e3o; aplique uma metodologia mista que combine testes de campo, simula\u00e7\u00f5es SIG, classifica\u00e7\u00e3o de zoneamento de Jenks e contributos da comunidade por parte da academia e dos parceiros da Naar. O facto de esta abordagem se basear em Jenks para revelar diferen\u00e7as entre os principais distritos e as periferias suburbanas tem sido apoiado por estudos.<\/p>\n<p>O conjunto de ferramentas de design prioriza o design flex\u00edvel sens\u00edvel \u00e0 \u00e1gua: pavimentos perme\u00e1veis, valetas de infiltra\u00e7\u00e3o, telhados verdes e \u00e1rvores que formam um dossel cont\u00ednuo em quarteir\u00f5es suburbanos. O pr\u00f3prio design exige aprendizagem cont\u00ednua \u00e0 medida que as altera\u00e7\u00f5es surgem do feedback do utilizador. A cultura \u00e9 importante: espa\u00e7os superlocais que refletem a cultura local e materiais em ingl\u00eas ajudam os residentes a envolverem-se com o tecido urbano.<\/p>\n<p>As interfaces suburbanas e rurais exigem t\u00e1ticas diferentes: implementar superf\u00edcies perme\u00e1veis perto de estradas, integrar pequenos terrenos produtivos no tecido e usar zonas industriais com zonas tamp\u00e3o verdes para reduzir o atrito. Com um zoneamento amplo, as redes azul-verde expandem a resili\u00eancia entre os distritos. Para monitorizar o impacto, acompanhar o espa\u00e7o verde per capita (m2\/pessoa), a capta\u00e7\u00e3o de precipita\u00e7\u00e3o (mm\/ano) e a redu\u00e7\u00e3o da ilha de calor (C). O planeamento do s\u00e9culo XX fixou frequentemente fronteiras; as diferen\u00e7as entre regi\u00f5es surgiram \u00e0 medida que as pol\u00edticas eram aprovadas e novos dados chegavam, tornando-se mais n\u00edtidas com o tempo.<\/p>\n<p>As etapas de implementa\u00e7\u00e3o incluem projetos-piloto em corredores suburbanos-industriais e transi\u00e7\u00f5es rurais-urbanas, apoiados por pain\u00e9is de controlo em ingl\u00eas que traduzem os resultados para o ensino superior, empresas e funcion\u00e1rios municipais. O envolvimento da comunidade, orientado pelo Naar, refor\u00e7a a valida\u00e7\u00e3o, enquanto um organismo de coordena\u00e7\u00e3o academia-empresa orienta a a\u00e7\u00e3o e partilha investiga\u00e7\u00e3o atrav\u00e9s de relat\u00f3rios em ingl\u00eas. Os exemplos de Vancouver, Copenhaga e York mostram como a colabora\u00e7\u00e3o intersetorial pode sustentar investimentos a longo prazo.<\/p>\n<p>Estas pr\u00e1ticas conferem resili\u00eancia futura sem sacrificar a cultura ou o potencial centrado nas pessoas. Ao centrar-se nas ci\u00eancias, na investiga\u00e7\u00e3o e na academia, as cidades podem adaptar-se \u00e0s mudan\u00e7as que surgiram nas formas urbanas e \u00e0s necessidades em evolu\u00e7\u00e3o das comunidades suburbanas e rurais, bem como dos distritos industriais; a abordagem foi testada em diversos contextos e pode ser adaptada \u00e0 Ancara do in\u00edcio da rep\u00fablica.<\/p>","protected":false},"excerpt":{"rendered":"<p>Begin with a concrete plan to anchor Ankara as the centre of governance and culture, built around a practical framework that could unite regional ambitions with national priorities. In the 27th year of the republic, brave partners with public will implement this united effort. The planning practice blends European and Turkish vocabularies, where Ankara&#8217;s urbanism [&hellip;]<\/p>","protected":false},"author":2,"featured_media":4294,"comment_status":"open","ping_status":"open","sticky":false,"template":"","format":"standard","meta":{"_acf_changed":false,"fifu_image_url":"https:\/\/istanbul-ist-international-airport.com\/wp-content\/images\/urbanism-modernity-and-nation-building-in-ankara-the-birth-of-turkeys-.jpg","fifu_image_alt":"","footnotes":""},"categories":[],"tags":[],"class_list":["post-4292","post","type-post","status-publish","format-standard","has-post-thumbnail","hentry"],"acf":[],"yoast_head":"<!-- This site is optimized with the Yoast SEO plugin v27.5 - https:\/\/yoast.com\/product\/yoast-seo-wordpress\/ -->\n<title>Urbanism, Modernity, and Nation Building in Ankara<\/title>\n<meta name=\"description\" content=\"This article traces how Ankara&#039;s urban planning and modernizing reforms forged Turkey&#039;s capital, linking municipal growth, state-building, and national identity in the early Republic.\" \/>\n<meta name=\"robots\" content=\"index, follow, max-snippet:-1, max-image-preview:large, max-video-preview:-1\" \/>\n<link rel=\"canonical\" href=\"https:\/\/istanbul-ist-international-airport.com\/pt\/blog\/urbanism-modernity-and-nation-building-in-ankara-the-birth-of-turkeys-capital-in-the-early-republic\/\" \/>\n<meta property=\"og:locale\" content=\"pt_PT\" \/>\n<meta property=\"og:type\" content=\"article\" \/>\n<meta property=\"og:title\" content=\"Urbanism, Modernity, and Nation Building in Ankara\" \/>\n<meta property=\"og:description\" content=\"This article traces how Ankara&#039;s urban planning and modernizing reforms forged Turkey&#039;s capital, linking municipal growth, state-building, and national identity in the early Republic.\" \/>\n<meta property=\"og:url\" content=\"https:\/\/istanbul-ist-international-airport.com\/pt\/blog\/urbanism-modernity-and-nation-building-in-ankara-the-birth-of-turkeys-capital-in-the-early-republic\/\" \/>\n<meta property=\"og:site_name\" content=\"Istanbul International Airport (IST) - Turkey&#039;s new airport\" \/>\n<meta property=\"article:published_time\" content=\"2025-09-17T04:07:15+00:00\" \/>\n<meta property=\"og:image\" content=\"https:\/\/istanbul-ist-international-airport.com\/wp-content\/images\/urbanism-modernity-and-nation-building-in-ankara-the-birth-of-turkeys-.jpg\" \/>\n<meta name=\"author\" content=\"anastasia_maisuradze\" \/>\n<meta name=\"twitter:card\" content=\"summary_large_image\" \/>\n<meta name=\"twitter:image\" content=\"https:\/\/istanbul-ist-international-airport.com\/wp-content\/images\/urbanism-modernity-and-nation-building-in-ankara-the-birth-of-turkeys-.jpg\" \/>\n<meta name=\"twitter:label1\" content=\"Escrito por\" \/>\n\t<meta name=\"twitter:data1\" content=\"anastasia_maisuradze\" \/>\n\t<meta name=\"twitter:label2\" content=\"Tempo estimado de leitura\" \/>\n\t<meta name=\"twitter:data2\" content=\"12 minutos\" \/>\n<script type=\"application\/ld+json\" class=\"yoast-schema-graph\">{\"@context\":\"https:\\\/\\\/schema.org\",\"@graph\":[{\"@type\":\"Article\",\"@id\":\"https:\\\/\\\/istanbul-ist-international-airport.com\\\/pt\\\/blog\\\/urbanism-modernity-and-nation-building-in-ankara-the-birth-of-turkeys-capital-in-the-early-republic\\\/#article\",\"isPartOf\":{\"@id\":\"https:\\\/\\\/istanbul-ist-international-airport.com\\\/pt\\\/blog\\\/urbanism-modernity-and-nation-building-in-ankara-the-birth-of-turkeys-capital-in-the-early-republic\\\/\"},\"author\":{\"name\":\"anastasia_maisuradze\",\"@id\":\"https:\\\/\\\/istanbul-ist-international-airport.com\\\/pt\\\/#\\\/schema\\\/person\\\/71ece384d901a99eb7f9197b612d8a26\"},\"headline\":\"Urbanism, Modernity, and Nation-Building in Ankara &#8211; The Birth of Turkey&#8217;s Capital in the Early Republic\",\"datePublished\":\"2025-09-17T04:07:15+00:00\",\"mainEntityOfPage\":{\"@id\":\"https:\\\/\\\/istanbul-ist-international-airport.com\\\/pt\\\/blog\\\/urbanism-modernity-and-nation-building-in-ankara-the-birth-of-turkeys-capital-in-the-early-republic\\\/\"},\"wordCount\":2370,\"commentCount\":0,\"image\":{\"@id\":\"https:\\\/\\\/istanbul-ist-international-airport.com\\\/pt\\\/blog\\\/urbanism-modernity-and-nation-building-in-ankara-the-birth-of-turkeys-capital-in-the-early-republic\\\/#primaryimage\"},\"thumbnailUrl\":\"https:\\\/\\\/istanbul-ist-international-airport.com\\\/wp-content\\\/images\\\/urbanism-modernity-and-nation-building-in-ankara-the-birth-of-turkeys-.jpg\",\"inLanguage\":\"pt-PT\",\"potentialAction\":[{\"@type\":\"CommentAction\",\"name\":\"Comment\",\"target\":[\"https:\\\/\\\/istanbul-ist-international-airport.com\\\/pt\\\/blog\\\/urbanism-modernity-and-nation-building-in-ankara-the-birth-of-turkeys-capital-in-the-early-republic\\\/#respond\"]}]},{\"@type\":\"WebPage\",\"@id\":\"https:\\\/\\\/istanbul-ist-international-airport.com\\\/pt\\\/blog\\\/urbanism-modernity-and-nation-building-in-ankara-the-birth-of-turkeys-capital-in-the-early-republic\\\/\",\"url\":\"https:\\\/\\\/istanbul-ist-international-airport.com\\\/pt\\\/blog\\\/urbanism-modernity-and-nation-building-in-ankara-the-birth-of-turkeys-capital-in-the-early-republic\\\/\",\"name\":\"Urbanism, Modernity, and Nation Building in Ankara\",\"isPartOf\":{\"@id\":\"https:\\\/\\\/istanbul-ist-international-airport.com\\\/pt\\\/#website\"},\"primaryImageOfPage\":{\"@id\":\"https:\\\/\\\/istanbul-ist-international-airport.com\\\/pt\\\/blog\\\/urbanism-modernity-and-nation-building-in-ankara-the-birth-of-turkeys-capital-in-the-early-republic\\\/#primaryimage\"},\"image\":{\"@id\":\"https:\\\/\\\/istanbul-ist-international-airport.com\\\/pt\\\/blog\\\/urbanism-modernity-and-nation-building-in-ankara-the-birth-of-turkeys-capital-in-the-early-republic\\\/#primaryimage\"},\"thumbnailUrl\":\"https:\\\/\\\/istanbul-ist-international-airport.com\\\/wp-content\\\/images\\\/urbanism-modernity-and-nation-building-in-ankara-the-birth-of-turkeys-.jpg\",\"datePublished\":\"2025-09-17T04:07:15+00:00\",\"author\":{\"@id\":\"https:\\\/\\\/istanbul-ist-international-airport.com\\\/pt\\\/#\\\/schema\\\/person\\\/71ece384d901a99eb7f9197b612d8a26\"},\"description\":\"This article traces how Ankara's urban planning and modernizing reforms forged Turkey's capital, linking municipal growth, state-building, and national identity in the early Republic.\",\"breadcrumb\":{\"@id\":\"https:\\\/\\\/istanbul-ist-international-airport.com\\\/pt\\\/blog\\\/urbanism-modernity-and-nation-building-in-ankara-the-birth-of-turkeys-capital-in-the-early-republic\\\/#breadcrumb\"},\"inLanguage\":\"pt-PT\",\"potentialAction\":[{\"@type\":\"ReadAction\",\"target\":[\"https:\\\/\\\/istanbul-ist-international-airport.com\\\/pt\\\/blog\\\/urbanism-modernity-and-nation-building-in-ankara-the-birth-of-turkeys-capital-in-the-early-republic\\\/\"]}]},{\"@type\":\"ImageObject\",\"inLanguage\":\"pt-PT\",\"@id\":\"https:\\\/\\\/istanbul-ist-international-airport.com\\\/pt\\\/blog\\\/urbanism-modernity-and-nation-building-in-ankara-the-birth-of-turkeys-capital-in-the-early-republic\\\/#primaryimage\",\"url\":\"https:\\\/\\\/istanbul-ist-international-airport.com\\\/wp-content\\\/images\\\/urbanism-modernity-and-nation-building-in-ankara-the-birth-of-turkeys-.jpg\",\"contentUrl\":\"https:\\\/\\\/istanbul-ist-international-airport.com\\\/wp-content\\\/images\\\/urbanism-modernity-and-nation-building-in-ankara-the-birth-of-turkeys-.jpg\"},{\"@type\":\"BreadcrumbList\",\"@id\":\"https:\\\/\\\/istanbul-ist-international-airport.com\\\/pt\\\/blog\\\/urbanism-modernity-and-nation-building-in-ankara-the-birth-of-turkeys-capital-in-the-early-republic\\\/#breadcrumb\",\"itemListElement\":[{\"@type\":\"ListItem\",\"position\":1,\"name\":\"Home\",\"item\":\"https:\\\/\\\/istanbul-ist-international-airport.com\\\/\"},{\"@type\":\"ListItem\",\"position\":2,\"name\":\"Travel Guide\",\"item\":\"https:\\\/\\\/istanbul-ist-international-airport.com\\\/pt\\\/blog\\\/\"},{\"@type\":\"ListItem\",\"position\":3,\"name\":\"Urbanism, Modernity, and Nation-Building in Ankara &#8211; The Birth of Turkey&#8217;s Capital in the Early Republic\"}]},{\"@type\":\"WebSite\",\"@id\":\"https:\\\/\\\/istanbul-ist-international-airport.com\\\/pt\\\/#website\",\"url\":\"https:\\\/\\\/istanbul-ist-international-airport.com\\\/pt\\\/\",\"name\":\"Istanbul International Airport (IST) - Turkey&#039;s new airport\",\"description\":\"Navigating Istanbul International Airport: A Traveler\u2019s Guide.\",\"potentialAction\":[{\"@type\":\"SearchAction\",\"target\":{\"@type\":\"EntryPoint\",\"urlTemplate\":\"https:\\\/\\\/istanbul-ist-international-airport.com\\\/pt\\\/?s={search_term_string}\"},\"query-input\":{\"@type\":\"PropertyValueSpecification\",\"valueRequired\":true,\"valueName\":\"search_term_string\"}}],\"inLanguage\":\"pt-PT\"},{\"@type\":\"Person\",\"@id\":\"https:\\\/\\\/istanbul-ist-international-airport.com\\\/pt\\\/#\\\/schema\\\/person\\\/71ece384d901a99eb7f9197b612d8a26\",\"name\":\"anastasia_maisuradze\",\"url\":\"https:\\\/\\\/istanbul-ist-international-airport.com\\\/pt\\\/author\\\/anastasia_maisuradze\\\/\"}]}<\/script>\n<!-- \/ Yoast SEO plugin. -->","yoast_head_json":{"title":"Urbanismo, Modernidade e Constru\u00e7\u00e3o da Na\u00e7\u00e3o em Ancara","description":"Este artigo tra\u00e7a como o planeamento urbano de Ancara e as reformas modernizadoras forjaram a capital da Turquia, ligando o crescimento municipal, a constru\u00e7\u00e3o do Estado e a identidade nacional no in\u00edcio da Rep\u00fablica.","robots":{"index":"index","follow":"follow","max-snippet":"max-snippet:-1","max-image-preview":"max-image-preview:large","max-video-preview":"max-video-preview:-1"},"canonical":"https:\/\/istanbul-ist-international-airport.com\/pt\/blog\/urbanism-modernity-and-nation-building-in-ankara-the-birth-of-turkeys-capital-in-the-early-republic\/","og_locale":"pt_PT","og_type":"article","og_title":"Urbanism, Modernity, and Nation Building in Ankara","og_description":"This article traces how Ankara's urban planning and modernizing reforms forged Turkey's capital, linking municipal growth, state-building, and national identity in the early Republic.","og_url":"https:\/\/istanbul-ist-international-airport.com\/pt\/blog\/urbanism-modernity-and-nation-building-in-ankara-the-birth-of-turkeys-capital-in-the-early-republic\/","og_site_name":"Istanbul International Airport (IST) - Turkey&#039;s new airport","article_published_time":"2025-09-17T04:07:15+00:00","og_image":[{"url":"https:\/\/istanbul-ist-international-airport.com\/wp-content\/images\/urbanism-modernity-and-nation-building-in-ankara-the-birth-of-turkeys-.jpg","type":"","width":"","height":""}],"author":"anastasia_maisuradze","twitter_card":"summary_large_image","twitter_image":"https:\/\/istanbul-ist-international-airport.com\/wp-content\/images\/urbanism-modernity-and-nation-building-in-ankara-the-birth-of-turkeys-.jpg","twitter_misc":{"Escrito por":"anastasia_maisuradze","Tempo estimado de leitura":"12 minutos"},"schema":{"@context":"https:\/\/schema.org","@graph":[{"@type":"Article","@id":"https:\/\/istanbul-ist-international-airport.com\/pt\/blog\/urbanism-modernity-and-nation-building-in-ankara-the-birth-of-turkeys-capital-in-the-early-republic\/#article","isPartOf":{"@id":"https:\/\/istanbul-ist-international-airport.com\/pt\/blog\/urbanism-modernity-and-nation-building-in-ankara-the-birth-of-turkeys-capital-in-the-early-republic\/"},"author":{"name":"anastasia_maisuradze","@id":"https:\/\/istanbul-ist-international-airport.com\/pt\/#\/schema\/person\/71ece384d901a99eb7f9197b612d8a26"},"headline":"Urbanism, Modernity, and Nation-Building in Ankara &#8211; The Birth of Turkey&#8217;s Capital in the Early Republic","datePublished":"2025-09-17T04:07:15+00:00","mainEntityOfPage":{"@id":"https:\/\/istanbul-ist-international-airport.com\/pt\/blog\/urbanism-modernity-and-nation-building-in-ankara-the-birth-of-turkeys-capital-in-the-early-republic\/"},"wordCount":2370,"commentCount":0,"image":{"@id":"https:\/\/istanbul-ist-international-airport.com\/pt\/blog\/urbanism-modernity-and-nation-building-in-ankara-the-birth-of-turkeys-capital-in-the-early-republic\/#primaryimage"},"thumbnailUrl":"https:\/\/istanbul-ist-international-airport.com\/wp-content\/images\/urbanism-modernity-and-nation-building-in-ankara-the-birth-of-turkeys-.jpg","inLanguage":"pt-PT","potentialAction":[{"@type":"CommentAction","name":"Comment","target":["https:\/\/istanbul-ist-international-airport.com\/pt\/blog\/urbanism-modernity-and-nation-building-in-ankara-the-birth-of-turkeys-capital-in-the-early-republic\/#respond"]}]},{"@type":"WebPage","@id":"https:\/\/istanbul-ist-international-airport.com\/pt\/blog\/urbanism-modernity-and-nation-building-in-ankara-the-birth-of-turkeys-capital-in-the-early-republic\/","url":"https:\/\/istanbul-ist-international-airport.com\/pt\/blog\/urbanism-modernity-and-nation-building-in-ankara-the-birth-of-turkeys-capital-in-the-early-republic\/","name":"Urbanismo, Modernidade e Constru\u00e7\u00e3o da Na\u00e7\u00e3o em Ancara","isPartOf":{"@id":"https:\/\/istanbul-ist-international-airport.com\/pt\/#website"},"primaryImageOfPage":{"@id":"https:\/\/istanbul-ist-international-airport.com\/pt\/blog\/urbanism-modernity-and-nation-building-in-ankara-the-birth-of-turkeys-capital-in-the-early-republic\/#primaryimage"},"image":{"@id":"https:\/\/istanbul-ist-international-airport.com\/pt\/blog\/urbanism-modernity-and-nation-building-in-ankara-the-birth-of-turkeys-capital-in-the-early-republic\/#primaryimage"},"thumbnailUrl":"https:\/\/istanbul-ist-international-airport.com\/wp-content\/images\/urbanism-modernity-and-nation-building-in-ankara-the-birth-of-turkeys-.jpg","datePublished":"2025-09-17T04:07:15+00:00","author":{"@id":"https:\/\/istanbul-ist-international-airport.com\/pt\/#\/schema\/person\/71ece384d901a99eb7f9197b612d8a26"},"description":"Este artigo tra\u00e7a como o planeamento urbano de Ancara e as reformas modernizadoras forjaram a capital da Turquia, ligando o crescimento municipal, a constru\u00e7\u00e3o do Estado e a identidade nacional no in\u00edcio da Rep\u00fablica.","breadcrumb":{"@id":"https:\/\/istanbul-ist-international-airport.com\/pt\/blog\/urbanism-modernity-and-nation-building-in-ankara-the-birth-of-turkeys-capital-in-the-early-republic\/#breadcrumb"},"inLanguage":"pt-PT","potentialAction":[{"@type":"ReadAction","target":["https:\/\/istanbul-ist-international-airport.com\/pt\/blog\/urbanism-modernity-and-nation-building-in-ankara-the-birth-of-turkeys-capital-in-the-early-republic\/"]}]},{"@type":"ImageObject","inLanguage":"pt-PT","@id":"https:\/\/istanbul-ist-international-airport.com\/pt\/blog\/urbanism-modernity-and-nation-building-in-ankara-the-birth-of-turkeys-capital-in-the-early-republic\/#primaryimage","url":"https:\/\/istanbul-ist-international-airport.com\/wp-content\/images\/urbanism-modernity-and-nation-building-in-ankara-the-birth-of-turkeys-.jpg","contentUrl":"https:\/\/istanbul-ist-international-airport.com\/wp-content\/images\/urbanism-modernity-and-nation-building-in-ankara-the-birth-of-turkeys-.jpg"},{"@type":"BreadcrumbList","@id":"https:\/\/istanbul-ist-international-airport.com\/pt\/blog\/urbanism-modernity-and-nation-building-in-ankara-the-birth-of-turkeys-capital-in-the-early-republic\/#breadcrumb","itemListElement":[{"@type":"ListItem","position":1,"name":"Home","item":"https:\/\/istanbul-ist-international-airport.com\/"},{"@type":"ListItem","position":2,"name":"Travel Guide","item":"https:\/\/istanbul-ist-international-airport.com\/pt\/blog\/"},{"@type":"ListItem","position":3,"name":"Urbanism, Modernity, and Nation-Building in Ankara &#8211; The Birth of Turkey&#8217;s Capital in the Early Republic"}]},{"@type":"WebSite","@id":"https:\/\/istanbul-ist-international-airport.com\/pt\/#website","url":"https:\/\/istanbul-ist-international-airport.com\/pt\/","name":"Istanbul International Airport (IST) - Turkey&#039;s new airport","description":"Navigating Istanbul International Airport: A Traveler\u2019s Guide.","potentialAction":[{"@type":"SearchAction","target":{"@type":"EntryPoint","urlTemplate":"https:\/\/istanbul-ist-international-airport.com\/pt\/?s={search_term_string}"},"query-input":{"@type":"PropertyValueSpecification","valueRequired":true,"valueName":"search_term_string"}}],"inLanguage":"pt-PT"},{"@type":"Person","@id":"https:\/\/istanbul-ist-international-airport.com\/pt\/#\/schema\/person\/71ece384d901a99eb7f9197b612d8a26","name":"anastasia_maisuradze","url":"https:\/\/istanbul-ist-international-airport.com\/pt\/author\/anastasia_maisuradze\/"}]}},"views":175,"fifu_image_url":"https:\/\/istanbul-ist-international-airport.com\/wp-content\/images\/urbanism-modernity-and-nation-building-in-ankara-the-birth-of-turkeys-.jpg","_links":{"self":[{"href":"https:\/\/istanbul-ist-international-airport.com\/pt\/wp-json\/wp\/v2\/posts\/4292","targetHints":{"allow":["GET"]}}],"collection":[{"href":"https:\/\/istanbul-ist-international-airport.com\/pt\/wp-json\/wp\/v2\/posts"}],"about":[{"href":"https:\/\/istanbul-ist-international-airport.com\/pt\/wp-json\/wp\/v2\/types\/post"}],"author":[{"embeddable":true,"href":"https:\/\/istanbul-ist-international-airport.com\/pt\/wp-json\/wp\/v2\/users\/2"}],"replies":[{"embeddable":true,"href":"https:\/\/istanbul-ist-international-airport.com\/pt\/wp-json\/wp\/v2\/comments?post=4292"}],"version-history":[{"count":0,"href":"https:\/\/istanbul-ist-international-airport.com\/pt\/wp-json\/wp\/v2\/posts\/4292\/revisions"}],"wp:featuredmedia":[{"embeddable":true,"href":"https:\/\/istanbul-ist-international-airport.com\/pt\/wp-json\/wp\/v2\/media\/4294"}],"wp:attachment":[{"href":"https:\/\/istanbul-ist-international-airport.com\/pt\/wp-json\/wp\/v2\/media?parent=4292"}],"wp:term":[{"taxonomy":"category","embeddable":true,"href":"https:\/\/istanbul-ist-international-airport.com\/pt\/wp-json\/wp\/v2\/categories?post=4292"},{"taxonomy":"post_tag","embeddable":true,"href":"https:\/\/istanbul-ist-international-airport.com\/pt\/wp-json\/wp\/v2\/tags?post=4292"}],"curies":[{"name":"wp","href":"https:\/\/api.w.org\/{rel}","templated":true}]}}